{"id":964,"date":"2012-10-01T09:39:48","date_gmt":"2012-10-01T14:39:48","guid":{"rendered":"http:\/\/blografia.net\/vicm3\/?p=964"},"modified":"2012-10-01T09:39:48","modified_gmt":"2012-10-01T14:39:48","slug":"chamilo-en-mexico","status":"publish","type":"post","link":"https:\/\/blografia.net\/vicm3\/2012\/10\/chamilo-en-mexico\/","title":{"rendered":"Chamilo en M\u00e9xico"},"content":{"rendered":"<p>Recibo en una newsletter una interesante noticia.<\/p>\n<blockquote><p>El Viernes 26 y S\u00e1bado 27 de Octubre el presidente de la asociaci\u00f3n Chamilo, Yannick Warnier, estar\u00e1 en Puebla, M\u00e9xico Ofreciendo seminarios de libre ingreso en el marco del Encuentro Nacional de Software Libre (ENLI 2012). Para mayor informaci\u00f3n consultar el siguiente enlace: http:\/\/www.enli.org.mx As\u00ed mismo, el Martes 30 de Octubre, se estar\u00e1 ofreciendo un seminario: Preparaci\u00f3n para la certificaci\u00f3n internacional \u201cFundamentos de docencia virtual bajo Chamilo LMS\u201d. M\u00e1s info aqu\u00ed: http:\/\/www.beeznest.com\/es\/chamilo_mexico_D_F<\/p><\/blockquote>\n<p>Pensar en que todo empez\u00f3 en Claroline, se escindi\u00f3 para dar paso a Dokeos y ah\u00ed si realmente se volvi\u00f3 un problema del tama\u00f1o de Mambo=&gt;Joomla y al parecer esta empezando a tomar relevancia en nuestro pa\u00eds, Chamilo que la ultima vez que supe tenia una fuerte proporci\u00f3n de desarrolladores en Sudam\u00e9rica.<\/p>\n","protected":false},"excerpt":{"rendered":"<p>Recibo en una newsletter una interesante noticia. El Viernes 26 y S\u00e1bado 27 de Octubre el presidente de la asociaci\u00f3n Chamilo, Yannick Warnier, estar\u00e1 en Puebla, M\u00e9xico Ofreciendo seminarios de libre ingreso en el marco del Encuentro Nacional de Software &hellip; <a href=\"https:\/\/blografia.net\/vicm3\/2012\/10\/chamilo-en-mexico\/\">Sigue leyendo <span class=\"meta-nav\">&rarr;<\/span><\/a><\/p>\n","protected":false},"author":2,"featured_media":0,"comment_status":"open","ping_status":"open","sticky":false,"template":"","format":"standard","meta":{"advanced_seo_description":"","jetpack_seo_html_title":"","jetpack_seo_noindex":false,"jetpack_post_was_ever_published":false,"_jetpack_newsletter_access":"","_jetpack_dont_email_post_to_subs":false,"_jetpack_newsletter_tier_id":0,"_jetpack_memberships_contains_paywalled_content":false,"_jetpack_memberships_contains_paid_content":false,"footnotes":"","jetpack_publicize_message":"","jetpack_publicize_feature_enabled":true,"jetpack_social_post_already_shared":false,"jetpack_social_options":{"image_generator_settings":{"template":"highway","default_image_id":0,"font":"","enabled":false},"version":2}},"categories":[9,3,10,7],"tags":[],"class_list":["post-964","post","type-post","status-publish","format-standard","hentry","category-educacion","category-general","category-planetalinux","category-web"],"jetpack_publicize_connections":[],"jetpack_featured_media_url":"","jetpack_sharing_enabled":true,"jetpack-related-posts":[{"id":931,"url":"https:\/\/blografia.net\/vicm3\/2012\/06\/cuarta-sesion-la-web-didactica\/","url_meta":{"origin":964,"position":0},"title":"Cuarta sesi\u00f3n: La web did\u00e1ctica","author":"vicm3","date":"19 junio, 2012","format":false,"excerpt":"La Web Did\u00e1ctica Los participantes, en interacci\u00f3n con especialistas nacionales y extranjeros tendr\u00e1n la oportunidad de conocer sobre los alcances y nuevas propuestas que se est\u00e1n generando alrededor de la Web Did\u00e1ctica, concebida como el conjunto de aplicaciones y desarrollos sociales de la inteligencia colectiva que coexisten en la WWW\u2026","rel":"","context":"En \u00abEducaci\u00f3n\u00bb","block_context":{"text":"Educaci\u00f3n","link":"https:\/\/blografia.net\/vicm3\/category\/educacion\/"},"img":{"alt_text":"","src":"","width":0,"height":0},"classes":[]},{"id":1556,"url":"https:\/\/blografia.net\/vicm3\/2016\/04\/vinculos-compartidos\/","url_meta":{"origin":964,"position":1},"title":"VInculos compartidos","author":"vicm3","date":"3 abril, 2016","format":false,"excerpt":"Ciclo de sobre expectaci\u00f3n de Gartner [1] Tony Bates sobre retirarse y los MOOC [2] Claroline [3] Seminario Moodle UNAM [4] Presentaci\u00f3n sobre Moodle 2006 [5] \u00a0 [1]\u00a0https:\/\/es.wikipedia.org\/wiki\/Ciclo_de_sobreexpectaci%C3%B3n [2] http:\/\/www.tonybates.ca\/2014\/04\/15\/time-to-retire-from-online-learning\/[3] http:\/\/www.claroline.net [4] http:\/\/seminariomoodle.unam.mx\/ [5] http:\/\/linux.ajusco.upn.mx\/~vicm3\/plataformas\/html\/","rel":"","context":"En \u00abDebraye\u00bb","block_context":{"text":"Debraye","link":"https:\/\/blografia.net\/vicm3\/category\/debraye\/"},"img":{"alt_text":"","src":"","width":0,"height":0},"classes":[]},{"id":1300,"url":"https:\/\/blografia.net\/vicm3\/2014\/03\/de-documentacion-malentendidos-y-rollo-es-decir-moodle\/","url_meta":{"origin":964,"position":2},"title":"De documentaci\u00f3n, malentendidos y rollo es decir Moodle","author":"vicm3","date":"29 marzo, 2014","format":false,"excerpt":"Bueno originalmente andaba un poco frustrado, pero ya d\u00e1ndole un poco de distancia vale de todas formas la aclaraci\u00f3n por ah\u00ed hace unos d\u00edas fui a un seminario, quien estaba hablando es un experto en Moodle y efectivamente tiene mucha experiencia en \u00e1mbitos que yo no manejo y me congratulo\u2026","rel":"","context":"En \u00abEducaci\u00f3n\u00bb","block_context":{"text":"Educaci\u00f3n","link":"https:\/\/blografia.net\/vicm3\/category\/educacion\/"},"img":{"alt_text":"","src":"","width":0,"height":0},"classes":[]},{"id":737,"url":"https:\/\/blografia.net\/vicm3\/2010\/07\/edusol-2010-bienes-comunes\/","url_meta":{"origin":964,"position":3},"title":"EDUSOL 2010 &quot;Bienes comunes&quot;","author":"vicm3","date":"23 julio, 2010","format":false,"excerpt":"Abierta la inscripci\u00f3n de ponencias y participantes al encuentro en l\u00ednea EDUSOL 2010 \"Sexto Encuentro en L\u00ednea de Educaci\u00f3n, Cultura y Software Libres, EDUSOL 2010\" a celebrarse del 08 al 19 de Noviembre del 2010 en que abordaremos como tema general las \"Bienes Com\u00fanes\". Durante 5 a\u00f1os hemos estado construyendo\u2026","rel":"","context":"En \u00abSin categor\u00eda\u00bb","block_context":{"text":"Sin categor\u00eda","link":"https:\/\/blografia.net\/vicm3\/category\/sin-categoria\/"},"img":{"alt_text":"","src":"","width":0,"height":0},"classes":[]},{"id":2550,"url":"https:\/\/blografia.net\/vicm3\/2024\/03\/blogs-en-seminario-especializado\/","url_meta":{"origin":964,"position":4},"title":"Blogs en seminario especializado","author":"vicm3","date":"14 marzo, 2024","format":false,"excerpt":"No hace mucho un d\u00eda que tuvimos asamblea y luego movilizaci\u00f3n me pidieron apoyar con una clase de maestr\u00eda, con un tema que he tratado durante bastante tiempo y mi recomendaci\u00f3n fue un tanto aprovechar la c\u00e1mara del tel\u00e9fono para a\u00f1adir un toque personal a sus entradas en lugar de\u2026","rel":"","context":"En \u00abEducaci\u00f3n\u00bb","block_context":{"text":"Educaci\u00f3n","link":"https:\/\/blografia.net\/vicm3\/category\/educacion\/"},"img":{"alt_text":"","src":"https:\/\/i0.wp.com\/blografia.net\/vicm3\/wp-content\/uploads\/2024\/03\/Screenshot_20240314-170402-461x1024.png?resize=350%2C200","width":350,"height":200},"classes":[]},{"id":1502,"url":"https:\/\/blografia.net\/vicm3\/2015\/11\/que-pasa-con-el-dsl\/","url_meta":{"origin":964,"position":5},"title":"\u00bfQu\u00e9 pasa con el DSL?","author":"vicm3","date":"13 noviembre, 2015","format":false,"excerpt":"Y bueno estuvo fallando mi modem, finalmente ya no esta fallando, bueno al menos ya no se esta reiniciando. Pero ahora tengo una cosa muy interesante, de mi conexi\u00f3n que daba unos 5mbs y que de a ratos daba 6, ahora no paso de 4 y aunque pregunten sobre la\u2026","rel":"","context":"En \u00abDebraye\u00bb","block_context":{"text":"Debraye","link":"https:\/\/blografia.net\/vicm3\/category\/debraye\/"},"img":{"alt_text":"anuncio telmex 12 nov 2015","src":"https:\/\/i0.wp.com\/blografia.net\/vicm3\/wp-content\/uploads\/2015\/11\/anuncio-telmex-12-nov-2015.jpg?resize=350%2C200","width":350,"height":200,"srcset":"https:\/\/i0.wp.com\/blografia.net\/vicm3\/wp-content\/uploads\/2015\/11\/anuncio-telmex-12-nov-2015.jpg?resize=350%2C200 1x, https:\/\/i0.wp.com\/blografia.net\/vicm3\/wp-content\/uploads\/2015\/11\/anuncio-telmex-12-nov-2015.jpg?resize=525%2C300 1.5x, https:\/\/i0.wp.com\/blografia.net\/vicm3\/wp-content\/uploads\/2015\/11\/anuncio-telmex-12-nov-2015.jpg?resize=700%2C400 2x"},"classes":[]}],"_links":{"self":[{"href":"https:\/\/blografia.net\/vicm3\/wp-json\/wp\/v2\/posts\/964","targetHints":{"allow":["GET"]}}],"collection":[{"href":"https:\/\/blografia.net\/vicm3\/wp-json\/wp\/v2\/posts"}],"about":[{"href":"https:\/\/blografia.net\/vicm3\/wp-json\/wp\/v2\/types\/post"}],"author":[{"embeddable":true,"href":"https:\/\/blografia.net\/vicm3\/wp-json\/wp\/v2\/users\/2"}],"replies":[{"embeddable":true,"href":"https:\/\/blografia.net\/vicm3\/wp-json\/wp\/v2\/comments?post=964"}],"version-history":[{"count":0,"href":"https:\/\/blografia.net\/vicm3\/wp-json\/wp\/v2\/posts\/964\/revisions"}],"wp:attachment":[{"href":"https:\/\/blografia.net\/vicm3\/wp-json\/wp\/v2\/media?parent=964"}],"wp:term":[{"taxonomy":"category","embeddable":true,"href":"https:\/\/blografia.net\/vicm3\/wp-json\/wp\/v2\/categories?post=964"},{"taxonomy":"post_tag","embeddable":true,"href":"https:\/\/blografia.net\/vicm3\/wp-json\/wp\/v2\/tags?post=964"}],"curies":[{"name":"wp","href":"https:\/\/api.w.org\/{rel}","templated":true}]}}