{"id":398,"date":"2007-03-12T23:35:01","date_gmt":"2007-03-12T23:35:01","guid":{"rendered":"http:\/\/blografia.net\/vicm3\/?p=398"},"modified":"2021-02-08T23:39:45","modified_gmt":"2021-02-09T05:39:45","slug":"la_paradoja_del_padre","status":"publish","type":"post","link":"https:\/\/blografia.net\/vicm3\/2007\/03\/la_paradoja_del_padre\/","title":{"rendered":"La paradoja del padre"},"content":{"rendered":"<p>Seguro que han escuchado y\/o visto esta en las peliculas, donde uno viaja en el tiempo y se da la posibilidad de matar al padre, lo cual plantea la imposibilidad de en primer lugar haber nacido y de la misma forma de poder viajar en el tiempo y de la misma forma de poder matar al padre en primer lugar&#8230;<\/p>\n<p>Bueno el viernes pasado recib\u00ed una joyita de esas, que vale la pena contar, me han tirado un excelente choro, donde me hablaban de las prioridades, de tiempos y de qu\u00e9 pues que lo importante es la maestr\u00eda, que pues claro que si el trabajo no me permite dedicarle todo el tiempo que necesita que \u00abrenuncie\u00bb, asi nomas&#8230; como total la comida me la regalan, el transporte es gratis, no necesito de anteojos correctivos, no necesito pagar tel\u00e9fono, gas ni mucho menos&#8230; lo bueno es que&#8230;<\/p>\n<p>Y aqu\u00ed entra la paradoja&#8230; si no tengo trabajo, no puedo estudiar maestr\u00eda, digo no tenemos beca de parte de conacyt ni beca comision. Ergo no puedo estudiar si no trabajo y si trabajo no me alcanza el tiempo para estudiar&#8230;<\/p>\n<p>Fantastico.<\/p>\n","protected":false},"excerpt":{"rendered":"<p>Seguro que han escuchado y\/o visto esta en las peliculas, donde uno viaja en el tiempo y se da la posibilidad de matar al padre, lo cual plantea la imposibilidad de en primer lugar haber nacido y de la misma &hellip; <a href=\"https:\/\/blografia.net\/vicm3\/2007\/03\/la_paradoja_del_padre\/\">Sigue leyendo <span class=\"meta-nav\">&rarr;<\/span><\/a><\/p>\n","protected":false},"author":2,"featured_media":0,"comment_status":"open","ping_status":"open","sticky":false,"template":"","format":"standard","meta":{"advanced_seo_description":"","jetpack_seo_html_title":"","jetpack_seo_noindex":false,"jetpack_post_was_ever_published":false,"_jetpack_newsletter_access":"","_jetpack_dont_email_post_to_subs":false,"_jetpack_newsletter_tier_id":0,"_jetpack_memberships_contains_paywalled_content":false,"_jetpack_memberships_contains_paid_content":false,"footnotes":"","jetpack_publicize_message":"","jetpack_publicize_feature_enabled":true,"jetpack_social_post_already_shared":false,"jetpack_social_options":{"image_generator_settings":{"template":"highway","default_image_id":0,"font":"","enabled":false},"version":2}},"categories":[1],"tags":[],"class_list":["post-398","post","type-post","status-publish","format-standard","hentry","category-sin-categoria"],"jetpack_publicize_connections":[],"jetpack_featured_media_url":"","jetpack_sharing_enabled":true,"jetpack-related-posts":[{"id":71,"url":"https:\/\/blografia.net\/vicm3\/2005\/03\/la_pelicula_mas_triste\/","url_meta":{"origin":398,"position":0},"title":"La pelicula mas triste","author":"vicm3","date":"17 marzo, 2005","format":false,"excerpt":"Bueno tal vez no la mas triste... pero ayer que la estaba viendo por enesima vez... me parece que puedo decir que a mi me parece la mas triste que he visto... Doce Monos... si ya se es vieja y la he visto en varias ocasiones y con varios estados\u2026","rel":"","context":"En \u00abGeneral\u00bb","block_context":{"text":"General","link":"https:\/\/blografia.net\/vicm3\/category\/general\/"},"img":{"alt_text":"","src":"","width":0,"height":0},"classes":[]},{"id":860,"url":"https:\/\/blografia.net\/vicm3\/2012\/03\/sobre-paquetes-y-sigue-la-mata-dando\/","url_meta":{"origin":398,"position":1},"title":"Sobre paquetes, y sigue la mata dando","author":"vicm3","date":"1 marzo, 2012","format":false,"excerpt":"Bueno en efecto me cambie de paquete al m\u00e1s b\u00e1sico, me llego el cobro de 394 pesos a\u00fan cuando en la p\u00e1gina dice que son 389 con todo e impuestos, sin embargo como a\u00fan no tengo el recibo en papel y a\u00fan no esta en su p\u00e1gina pudiera ser que\u2026","rel":"","context":"En \u00abEducaci\u00f3n\u00bb","block_context":{"text":"Educaci\u00f3n","link":"https:\/\/blografia.net\/vicm3\/category\/educacion\/"},"img":{"alt_text":"","src":"","width":0,"height":0},"classes":[]},{"id":883,"url":"https:\/\/blografia.net\/vicm3\/2012\/04\/arqueologia-bbsera\/","url_meta":{"origin":398,"position":2},"title":"Arqueologia bbsera","author":"vicm3","date":"16 abril, 2012","format":false,"excerpt":"Y pues buscando poniendo al d\u00eda el CV me encontr\u00e9 con mi archivo de mensajes de BBS, sobre los temas que m\u00e1s me interesaban en ese tiempo Anime y Comics... sin demasiado elegir voy a hacer copiar y pegar de ese archivo que inicie en la licenciatura y segu\u00ed editando\u2026","rel":"","context":"En \u00abArqueologia Infiernetica\u00bb","block_context":{"text":"Arqueologia Infiernetica","link":"https:\/\/blografia.net\/vicm3\/category\/arqueologia-infiernetica\/"},"img":{"alt_text":"","src":"","width":0,"height":0},"classes":[]},{"id":770,"url":"https:\/\/blografia.net\/vicm3\/2011\/03\/presunto-culpable\/","url_meta":{"origin":398,"position":3},"title":"Presunto culpable","author":"vicm3","date":"4 marzo, 2011","format":false,"excerpt":"Aprovechando el viaje y que voy escribir sobre censura, aunque me cae muy bien Carmen Aristegui por la hora en la que tiene su programa de radio, no la escuchaba, no fue sino hasta que vino el esc\u00e1ndalo en donde supuestamente por preguntar al respecto de si el presidente en\u2026","rel":"","context":"En \u00abDebraye\u00bb","block_context":{"text":"Debraye","link":"https:\/\/blografia.net\/vicm3\/category\/debraye\/"},"img":{"alt_text":"","src":"","width":0,"height":0},"classes":[]},{"id":121,"url":"https:\/\/blografia.net\/vicm3\/2005\/07\/ignorance_is_bliss\/","url_meta":{"origin":398,"position":4},"title":"Ignorance is bliss","author":"vicm3","date":"26 julio, 2005","format":false,"excerpt":"Bueno, hace quince d\u00edas me lastime la pantorrilla, como buen mexicano, pues no hab\u00eda ido mas lejos que preguntarle a mis padres (los cuales son m\u00e9dicos), pero bueno como ya llegue a la edad del autoconocimiento personal y de los nuncas, (yo no sabia... yo nunca) pues decid\u00ed a los\u2026","rel":"","context":"En \u00abSin categor\u00eda\u00bb","block_context":{"text":"Sin categor\u00eda","link":"https:\/\/blografia.net\/vicm3\/category\/sin-categoria\/"},"img":{"alt_text":"","src":"","width":0,"height":0},"classes":[]},{"id":1309,"url":"https:\/\/blografia.net\/vicm3\/2014\/04\/las-escuelas-matan-la-creatividad\/","url_meta":{"origin":398,"position":5},"title":"Las escuelas matan la creatividad","author":"vicm3","date":"29 abril, 2014","format":false,"excerpt":"En este semestre estamos trabajando en un curso que involucra educaci\u00f3n en l\u00ednea y a distancia, y en cierta parte estuvimos discutiendo el como es el sistema \"tradicional\" y a que problemas se enfrenta la universidad y la educaci\u00f3n superior en general, uno de los materiales que utilizamos es la\u2026","rel":"","context":"En \u00abEducaci\u00f3n\u00bb","block_context":{"text":"Educaci\u00f3n","link":"https:\/\/blografia.net\/vicm3\/category\/educacion\/"},"img":{"alt_text":"","src":"","width":0,"height":0},"classes":[]}],"_links":{"self":[{"href":"https:\/\/blografia.net\/vicm3\/wp-json\/wp\/v2\/posts\/398","targetHints":{"allow":["GET"]}}],"collection":[{"href":"https:\/\/blografia.net\/vicm3\/wp-json\/wp\/v2\/posts"}],"about":[{"href":"https:\/\/blografia.net\/vicm3\/wp-json\/wp\/v2\/types\/post"}],"author":[{"embeddable":true,"href":"https:\/\/blografia.net\/vicm3\/wp-json\/wp\/v2\/users\/2"}],"replies":[{"embeddable":true,"href":"https:\/\/blografia.net\/vicm3\/wp-json\/wp\/v2\/comments?post=398"}],"version-history":[{"count":0,"href":"https:\/\/blografia.net\/vicm3\/wp-json\/wp\/v2\/posts\/398\/revisions"}],"wp:attachment":[{"href":"https:\/\/blografia.net\/vicm3\/wp-json\/wp\/v2\/media?parent=398"}],"wp:term":[{"taxonomy":"category","embeddable":true,"href":"https:\/\/blografia.net\/vicm3\/wp-json\/wp\/v2\/categories?post=398"},{"taxonomy":"post_tag","embeddable":true,"href":"https:\/\/blografia.net\/vicm3\/wp-json\/wp\/v2\/tags?post=398"}],"curies":[{"name":"wp","href":"https:\/\/api.w.org\/{rel}","templated":true}]}}