{"id":2490,"date":"2023-03-26T18:20:48","date_gmt":"2023-03-27T00:20:48","guid":{"rendered":"https:\/\/blografia.net\/vicm3\/?p=2490"},"modified":"2023-03-26T18:20:48","modified_gmt":"2023-03-27T00:20:48","slug":"el-mundo-detenido","status":"publish","type":"post","link":"https:\/\/blografia.net\/vicm3\/2023\/03\/el-mundo-detenido\/","title":{"rendered":"El mundo detenido"},"content":{"rendered":"<p>Septiembre 28 de 2020, visite la universidad, por unas cosas que necesitaba de mi cub\u00edculo o por un curso que no arranc\u00f3 ya no recuerdo por cual de las razones, pero tome estas fotos que acabo de encontrar ordenando un mont\u00f3n de fotos escolares.<\/p>\n<div id=\"attachment_2491\" style=\"width: 650px\" class=\"wp-caption alignnone\"><a href=\"https:\/\/blografia.net\/vicm3\/wp-content\/uploads\/2023\/03\/IMG_20200928_145048559-scaled.jpg\"><img loading=\"lazy\" decoding=\"async\" aria-describedby=\"caption-attachment-2491\" class=\"wp-image-2491 size-large\" src=\"https:\/\/blografia.net\/vicm3\/wp-content\/uploads\/2023\/03\/IMG_20200928_145048559-1024x576.jpg\" alt=\"\" width=\"640\" height=\"360\" srcset=\"https:\/\/blografia.net\/vicm3\/wp-content\/uploads\/2023\/03\/IMG_20200928_145048559-1024x576.jpg 1024w, https:\/\/blografia.net\/vicm3\/wp-content\/uploads\/2023\/03\/IMG_20200928_145048559-300x169.jpg 300w, https:\/\/blografia.net\/vicm3\/wp-content\/uploads\/2023\/03\/IMG_20200928_145048559-768x432.jpg 768w, https:\/\/blografia.net\/vicm3\/wp-content\/uploads\/2023\/03\/IMG_20200928_145048559-1536x864.jpg 1536w, https:\/\/blografia.net\/vicm3\/wp-content\/uploads\/2023\/03\/IMG_20200928_145048559-2048x1152.jpg 2048w\" sizes=\"auto, (max-width: 640px) 100vw, 640px\" \/><\/a><p id=\"caption-attachment-2491\" class=\"wp-caption-text\">El periodico Mural de febrero de 2020&#8230; a\u00fan en la pared en septiembre&#8230;<\/p><\/div>\n<div id=\"attachment_2493\" style=\"width: 650px\" class=\"wp-caption alignnone\"><a href=\"https:\/\/blografia.net\/vicm3\/wp-content\/uploads\/2023\/03\/IMG_20200928_143616301-scaled.jpg\"><img loading=\"lazy\" decoding=\"async\" aria-describedby=\"caption-attachment-2493\" class=\"wp-image-2493 size-large\" src=\"https:\/\/blografia.net\/vicm3\/wp-content\/uploads\/2023\/03\/IMG_20200928_143616301-1024x576.jpg\" alt=\"\" width=\"640\" height=\"360\" srcset=\"https:\/\/blografia.net\/vicm3\/wp-content\/uploads\/2023\/03\/IMG_20200928_143616301-1024x576.jpg 1024w, https:\/\/blografia.net\/vicm3\/wp-content\/uploads\/2023\/03\/IMG_20200928_143616301-300x169.jpg 300w, https:\/\/blografia.net\/vicm3\/wp-content\/uploads\/2023\/03\/IMG_20200928_143616301-768x432.jpg 768w, https:\/\/blografia.net\/vicm3\/wp-content\/uploads\/2023\/03\/IMG_20200928_143616301-1536x864.jpg 1536w, https:\/\/blografia.net\/vicm3\/wp-content\/uploads\/2023\/03\/IMG_20200928_143616301-2048x1152.jpg 2048w\" sizes=\"auto, (max-width: 640px) 100vw, 640px\" \/><\/a><p id=\"caption-attachment-2493\" class=\"wp-caption-text\">Los pasillos y anuncios sin cambio hasta 2021.<\/p><\/div>\n<div id=\"attachment_2494\" style=\"width: 650px\" class=\"wp-caption alignnone\"><a href=\"https:\/\/blografia.net\/vicm3\/wp-content\/uploads\/2023\/03\/IMG_20200928_143604606-scaled.jpg\"><img loading=\"lazy\" decoding=\"async\" aria-describedby=\"caption-attachment-2494\" class=\"wp-image-2494 size-large\" src=\"https:\/\/blografia.net\/vicm3\/wp-content\/uploads\/2023\/03\/IMG_20200928_143604606-1024x576.jpg\" alt=\"\" width=\"640\" height=\"360\" srcset=\"https:\/\/blografia.net\/vicm3\/wp-content\/uploads\/2023\/03\/IMG_20200928_143604606-1024x576.jpg 1024w, https:\/\/blografia.net\/vicm3\/wp-content\/uploads\/2023\/03\/IMG_20200928_143604606-300x169.jpg 300w, https:\/\/blografia.net\/vicm3\/wp-content\/uploads\/2023\/03\/IMG_20200928_143604606-768x432.jpg 768w, https:\/\/blografia.net\/vicm3\/wp-content\/uploads\/2023\/03\/IMG_20200928_143604606-1536x864.jpg 1536w, https:\/\/blografia.net\/vicm3\/wp-content\/uploads\/2023\/03\/IMG_20200928_143604606-2048x1152.jpg 2048w\" sizes=\"auto, (max-width: 640px) 100vw, 640px\" \/><\/a><p id=\"caption-attachment-2494\" class=\"wp-caption-text\">Esto ya ni siquiera est\u00e1 en este orden, pero estuvo todo el confinamiento as\u00ed.<\/p><\/div>\n<div id=\"attachment_2495\" style=\"width: 650px\" class=\"wp-caption alignnone\"><a href=\"https:\/\/blografia.net\/vicm3\/wp-content\/uploads\/2023\/03\/IMG_20200928_115106633-scaled.jpg\"><img loading=\"lazy\" decoding=\"async\" aria-describedby=\"caption-attachment-2495\" class=\"wp-image-2495 size-large\" src=\"https:\/\/blografia.net\/vicm3\/wp-content\/uploads\/2023\/03\/IMG_20200928_115106633-1024x768.jpg\" alt=\"\" width=\"640\" height=\"480\" srcset=\"https:\/\/blografia.net\/vicm3\/wp-content\/uploads\/2023\/03\/IMG_20200928_115106633-1024x768.jpg 1024w, https:\/\/blografia.net\/vicm3\/wp-content\/uploads\/2023\/03\/IMG_20200928_115106633-300x225.jpg 300w, https:\/\/blografia.net\/vicm3\/wp-content\/uploads\/2023\/03\/IMG_20200928_115106633-768x576.jpg 768w, https:\/\/blografia.net\/vicm3\/wp-content\/uploads\/2023\/03\/IMG_20200928_115106633-1536x1152.jpg 1536w, https:\/\/blografia.net\/vicm3\/wp-content\/uploads\/2023\/03\/IMG_20200928_115106633-2048x1536.jpg 2048w\" sizes=\"auto, (max-width: 640px) 100vw, 640px\" \/><\/a><p id=\"caption-attachment-2495\" class=\"wp-caption-text\">Ese a\u00f1o o llovi\u00f3 m\u00e1s o a\u00fan regaban los \u00e1rboles<\/p><\/div>\n<div id=\"attachment_2492\" style=\"width: 650px\" class=\"wp-caption alignnone\"><a href=\"https:\/\/blografia.net\/vicm3\/wp-content\/uploads\/2023\/03\/IMG_20200928_144911103-scaled.jpg\"><img loading=\"lazy\" decoding=\"async\" aria-describedby=\"caption-attachment-2492\" class=\"wp-image-2492 size-large\" src=\"https:\/\/blografia.net\/vicm3\/wp-content\/uploads\/2023\/03\/IMG_20200928_144911103-1024x576.jpg\" alt=\"\" width=\"640\" height=\"360\" srcset=\"https:\/\/blografia.net\/vicm3\/wp-content\/uploads\/2023\/03\/IMG_20200928_144911103-1024x576.jpg 1024w, https:\/\/blografia.net\/vicm3\/wp-content\/uploads\/2023\/03\/IMG_20200928_144911103-300x169.jpg 300w, https:\/\/blografia.net\/vicm3\/wp-content\/uploads\/2023\/03\/IMG_20200928_144911103-768x432.jpg 768w, https:\/\/blografia.net\/vicm3\/wp-content\/uploads\/2023\/03\/IMG_20200928_144911103-1536x864.jpg 1536w, https:\/\/blografia.net\/vicm3\/wp-content\/uploads\/2023\/03\/IMG_20200928_144911103-2048x1152.jpg 2048w\" sizes=\"auto, (max-width: 640px) 100vw, 640px\" \/><\/a><p id=\"caption-attachment-2492\" class=\"wp-caption-text\">Todo se ve\u00eda verde&#8230; necesitamos una de este a\u00f1o.<\/p><\/div>\n<p>Fue incre\u00edble en 2020 tuve que ir unas tres veces a la oficina, por documentos, computadora y libros&#8230; solo la segunda vez que fu\u00ed tome fotos, la primera, no tome del jard\u00edn pero si parec\u00eda muy crecida la vegetaci\u00f3n, no al grado que vi en fotos de la UAM, pero si bastante, en estas no se nota tanto pero hab\u00eda pasto creciendo en el piso en los adoquines.<\/p>\n<p>Si hay algo que extra\u00f1o de entonces, es que estaba solo el perif\u00e9rico y la calle y se pod\u00eda uno mover mucho m\u00e1s r\u00e1pido que hoy, no m\u00e1s barato ya que era dif\u00edcil encontrar transporte para viajes largos Uber y Didi, pocos taxis.<\/p>\n","protected":false},"excerpt":{"rendered":"<p>Septiembre 28 de 2020, visite la universidad, por unas cosas que necesitaba de mi cub\u00edculo o por un curso que no arranc\u00f3 ya no recuerdo por cual de las razones, pero tome estas fotos que acabo de encontrar ordenando un &hellip; <a href=\"https:\/\/blografia.net\/vicm3\/2023\/03\/el-mundo-detenido\/\">Sigue leyendo <span class=\"meta-nav\">&rarr;<\/span><\/a><\/p>\n","protected":false},"author":2,"featured_media":0,"comment_status":"open","ping_status":"open","sticky":false,"template":"","format":"standard","meta":{"advanced_seo_description":"","jetpack_seo_html_title":"","jetpack_seo_noindex":false,"jetpack_seo_schema_type":"","_jetpack_newsletter_access":"","_jetpack_dont_email_post_to_subs":false,"_jetpack_newsletter_tier_id":0,"_jetpack_memberships_contains_paywalled_content":false,"_jetpack_feature_clip_id":0,"_jetpack_memberships_contains_paid_content":false,"footnotes":"","jetpack_publicize_message":"","jetpack_publicize_feature_enabled":true,"jetpack_social_post_already_shared":true,"jetpack_social_options":{"image_generator_settings":{"template":"highway","default_image_id":0,"font":"","enabled":false},"version":2},"jetpack_post_was_ever_published":false},"categories":[5,9,3],"tags":[],"class_list":["post-2490","post","type-post","status-publish","format-standard","hentry","category-debraye","category-educacion","category-general"],"jetpack_publicize_connections":[],"jetpack_sharing_enabled":true,"jetpack-related-posts":[{"id":1299,"url":"https:\/\/blografia.net\/vicm3\/2014\/03\/historia-de-internet\/","url_meta":{"origin":2490,"position":0},"title":"Historia de Internet","author":"vicm3","date":"25 marzo, 2014","format":false,"excerpt":"En ocho minutos, este es uno de los mejores videos que he encontrado que de forma r\u00e1pida explica que Internet no es solo producto de DARPA, y las tres tecnolog\u00edas que lo hicieron posible de una manera muy concisa y con im\u00e1genes muy descriptivas, sin ser pesado. http:\/\/www.youtube.com\/watch?v=9hIQjrMHTv4&hl=es&cc_lang_pref=es&cc_load_policy=1 Tiene Close\u2026","rel":"","context":"En \u00abEducaci\u00f3n\u00bb","block_context":{"text":"Educaci\u00f3n","link":"https:\/\/blografia.net\/vicm3\/category\/educacion\/"},"img":{"alt_text":"","src":"https:\/\/i0.wp.com\/img.youtube.com\/vi\/9hIQjrMHTv4\/0.jpg?resize=350%2C200","width":350,"height":200},"classes":[]},{"id":837,"url":"https:\/\/blografia.net\/vicm3\/2011\/12\/una-segunda-mirada-a-netflix\/","url_meta":{"origin":2490,"position":1},"title":"Una segunda mirada a NETFLIX","author":"vicm3","date":"20 diciembre, 2011","format":false,"excerpt":"Y bueno despu\u00e9s de\u00a0 haber probado la versi\u00f3n mexicana, y de quejarme a gusto de lo que no me gusto, se me ocurri\u00f3 \u00bfy por qu\u00e9 no probar la versi\u00f3n original que es la que tanto ha dado de que hablar? Total me hice un t\u00fanel y me registre para\u2026","rel":"","context":"En \u00abDebraye\u00bb","block_context":{"text":"Debraye","link":"https:\/\/blografia.net\/vicm3\/category\/debraye\/"},"img":{"alt_text":"","src":"","width":0,"height":0},"classes":[]},{"id":1404,"url":"https:\/\/blografia.net\/vicm3\/2014\/11\/fotos-y-metadatos\/","url_meta":{"origin":2490,"position":2},"title":"Fotos y metadatos","author":"vicm3","date":"22 noviembre, 2014","format":false,"excerpt":"Por ah\u00ed ayer me hicieron notar de un video que pusieron en FB que habla de que las fotos que se hicieron virales en twitter, especialmente las que pone el sitio de noticias Sinembargo [1], FB elimina los datos para ser m\u00e1s exactos el exif data [2], entonces en este\u2026","rel":"","context":"En \u00abDebraye\u00bb","block_context":{"text":"Debraye","link":"https:\/\/blografia.net\/vicm3\/category\/debraye\/"},"img":{"alt_text":"","src":"","width":0,"height":0},"classes":[]},{"id":2235,"url":"https:\/\/blografia.net\/vicm3\/2020\/07\/eventos-en-linea\/","url_meta":{"origin":2490,"position":3},"title":"Eventos en l\u00ednea","author":"vicm3","date":"7 julio, 2020","format":false,"excerpt":"El de mejoredu tiene un guion parecido al que he estado pensando, por supuesto no tienen la misma intenci\u00f3n ninguna de las actividades anteriores, pero pueden servir para tomar lo que funciono y lo que no. Una visi\u00f3n desde la educaci\u00f3n superior\u00bb organizado por la UAM [1] gob.mx\/mejoredu realiz\u00f3 esta\u2026","rel":"","context":"En \u00abEducaci\u00f3n\u00bb","block_context":{"text":"Educaci\u00f3n","link":"https:\/\/blografia.net\/vicm3\/category\/educacion\/"},"img":{"alt_text":"","src":"","width":0,"height":0},"classes":[]},{"id":528,"url":"https:\/\/blografia.net\/vicm3\/2008\/02\/eso-es-tener-un-mx-ocupado\/","url_meta":{"origin":2490,"position":4},"title":"Eso es tener un MX ocupado","author":"vicm3","date":"22 febrero, 2008","format":false,"excerpt":"top - 13:47:31 up 50 days, 21:26, 2 users, load average: 8.05, 5.89, 3.30 Tasks: 197 total, 2 running, 194 sleeping, 0 stopped, 1 zombie Cpu0 : 51.7%us, 5.3%sy, 0.0%ni, 42.4%id, 0.7%wa, 0.0%hi, 0.0%si, 0.0%st Cpu1 : 46.2%us, 4.7%sy, 0.0%ni, 35.5%id, 13.3%wa, 0.0%hi, 0.3%si, 0.0%st Cpu2 : 50.7%us, 3.3%sy, 0.0%ni,\u2026","rel":"","context":"En \u00abSin categor\u00eda\u00bb","block_context":{"text":"Sin categor\u00eda","link":"https:\/\/blografia.net\/vicm3\/category\/sin-categoria\/"},"img":{"alt_text":"","src":"","width":0,"height":0},"classes":[]},{"id":78,"url":"https:\/\/blografia.net\/vicm3\/2005\/04\/de_los_gigas_de_gmail\/","url_meta":{"origin":2490,"position":5},"title":"De los Gigas de Gmail","author":"vicm3","date":"4 abril, 2005","format":false,"excerpt":"Estubo realmente divertido el april fools de Gmail... capacidad de almacenamiento infinito +1 pero lo que ha sido mas divertido es que todos aun especulan donde terminara... bueno viendo el codigo de la pagina... function lg() { var now = (new Date()).getTime(); var cookie = \"T\" + start_time + \"\/\"\u2026","rel":"","context":"En \u00abGeneral\u00bb","block_context":{"text":"General","link":"https:\/\/blografia.net\/vicm3\/category\/general\/"},"img":{"alt_text":"","src":"","width":0,"height":0},"classes":[]}],"jetpack_featured_media_url":"","_links":{"self":[{"href":"https:\/\/blografia.net\/vicm3\/wp-json\/wp\/v2\/posts\/2490","targetHints":{"allow":["GET"]}}],"collection":[{"href":"https:\/\/blografia.net\/vicm3\/wp-json\/wp\/v2\/posts"}],"about":[{"href":"https:\/\/blografia.net\/vicm3\/wp-json\/wp\/v2\/types\/post"}],"author":[{"embeddable":true,"href":"https:\/\/blografia.net\/vicm3\/wp-json\/wp\/v2\/users\/2"}],"replies":[{"embeddable":true,"href":"https:\/\/blografia.net\/vicm3\/wp-json\/wp\/v2\/comments?post=2490"}],"version-history":[{"count":0,"href":"https:\/\/blografia.net\/vicm3\/wp-json\/wp\/v2\/posts\/2490\/revisions"}],"wp:attachment":[{"href":"https:\/\/blografia.net\/vicm3\/wp-json\/wp\/v2\/media?parent=2490"}],"wp:term":[{"taxonomy":"category","embeddable":true,"href":"https:\/\/blografia.net\/vicm3\/wp-json\/wp\/v2\/categories?post=2490"},{"taxonomy":"post_tag","embeddable":true,"href":"https:\/\/blografia.net\/vicm3\/wp-json\/wp\/v2\/tags?post=2490"}],"curies":[{"name":"wp","href":"https:\/\/api.w.org\/{rel}","templated":true}]}}