{"id":1556,"date":"2016-04-03T10:10:40","date_gmt":"2016-04-03T15:10:40","guid":{"rendered":"http:\/\/blografia.net\/vicm3\/?p=1556"},"modified":"2016-08-03T13:58:08","modified_gmt":"2016-08-03T18:58:08","slug":"vinculos-compartidos","status":"publish","type":"post","link":"https:\/\/blografia.net\/vicm3\/2016\/04\/vinculos-compartidos\/","title":{"rendered":"VInculos compartidos"},"content":{"rendered":"<ul>\n<li>Ciclo de sobre expectaci\u00f3n de Gartner [1]<\/li>\n<li>Tony Bates sobre retirarse y los MOOC [2]<\/li>\n<li>Claroline [3]<\/li>\n<li>Seminario Moodle UNAM [4]<\/li>\n<li>Presentaci\u00f3n sobre Moodle 2006 [5]<\/li>\n<\/ul>\n<p>&nbsp;<\/p>\n<p>[1]\u00a0<a href=\"https:\/\/es.wikipedia.org\/wiki\/Ciclo_de_sobreexpectaci%C3%B3n\">https:\/\/es.wikipedia.org\/wiki\/Ciclo_de_sobreexpectaci%C3%B3n<\/a><br \/>\n[2] <a href=\"http:\/\/www.tonybates.ca\/2014\/04\/15\/time-to-retire-from-online-learning\/\">http:\/\/www.tonybates.ca\/2014\/04\/15\/time-to-retire-from-online-learning\/<\/a>[3] <a href=\"http:\/\/www.claroline.net\">http:\/\/www.claroline.net<\/a><br \/>\n[4] <a href=\"http:\/\/seminariomoodle.unam.mx\/\">http:\/\/seminariomoodle.unam.mx\/<\/a><br \/>\n[5] <a href=\"http:\/\/linux.ajusco.upn.mx\/~vicm3\/plataformas\/html\/\">http:\/\/linux.ajusco.upn.mx\/~vicm3\/plataformas\/html\/<\/a><\/p>\n","protected":false},"excerpt":{"rendered":"<p>Ciclo de sobre expectaci\u00f3n de Gartner [1] Tony Bates sobre retirarse y los MOOC [2] Claroline [3] Seminario Moodle UNAM [4] Presentaci\u00f3n sobre Moodle 2006 [5] &nbsp; [1]\u00a0https:\/\/es.wikipedia.org\/wiki\/Ciclo_de_sobreexpectaci%C3%B3n [2] http:\/\/www.tonybates.ca\/2014\/04\/15\/time-to-retire-from-online-learning\/[3] http:\/\/www.claroline.net [4] http:\/\/seminariomoodle.unam.mx\/ [5] http:\/\/linux.ajusco.upn.mx\/~vicm3\/plataformas\/html\/<\/p>\n","protected":false},"author":2,"featured_media":0,"comment_status":"open","ping_status":"open","sticky":false,"template":"","format":"standard","meta":{"advanced_seo_description":"","jetpack_seo_html_title":"","jetpack_seo_noindex":false,"jetpack_post_was_ever_published":false,"_jetpack_newsletter_access":"","_jetpack_dont_email_post_to_subs":false,"_jetpack_newsletter_tier_id":0,"_jetpack_memberships_contains_paywalled_content":false,"_jetpack_memberships_contains_paid_content":false,"footnotes":"","jetpack_publicize_message":"","jetpack_publicize_feature_enabled":true,"jetpack_social_post_already_shared":true,"jetpack_social_options":{"image_generator_settings":{"template":"highway","default_image_id":0,"font":"","enabled":false},"version":2}},"categories":[5,9,3],"tags":[],"class_list":["post-1556","post","type-post","status-publish","format-standard","hentry","category-debraye","category-educacion","category-general"],"jetpack_publicize_connections":[],"jetpack_featured_media_url":"","jetpack_sharing_enabled":true,"jetpack-related-posts":[{"id":1050,"url":"https:\/\/blografia.net\/vicm3\/2013\/05\/debian-7-0-wheezy\/","url_meta":{"origin":1556,"position":0},"title":"Debian 7.0 Wheezy","author":"vicm3","date":"5 mayo, 2013","format":false,"excerpt":"Y bueno ayer, como hab\u00eda sido anunciado [1] se liber\u00f3 Wheezy (Debian 7.0) [2] despu\u00e9s de un buen rato, indispensable si piensas actualizar leer las notas de la versi\u00f3n (rel\u00e9ase notes) [3] o la gu\u00eda de instalaci\u00f3n si lo piensas instalar desde cero [4], en todo caso en mi desktop\u2026","rel":"","context":"En \u00abDebraye\u00bb","block_context":{"text":"Debraye","link":"https:\/\/blografia.net\/vicm3\/category\/debraye\/"},"img":{"alt_text":"","src":"","width":0,"height":0},"classes":[]},{"id":1984,"url":"https:\/\/blografia.net\/vicm3\/2019\/01\/adios-claroline\/","url_meta":{"origin":1556,"position":1},"title":"Adi\u00f3s Claroline","author":"vicm3","date":"16 enero, 2019","format":false,"excerpt":"En realidad hace un rato que no funciona mi instancia, me quede en la versi\u00f3n 1.11 y seguro desde que cambiamos stretch actualizo a PHP 7 seguramente dejo de funcionar, hoy he decidido archivar los php y retirarlos del directorio de Apache. Le dedique un buen rato a esta plataforma\u2026","rel":"","context":"En \u00abEducaci\u00f3n\u00bb","block_context":{"text":"Educaci\u00f3n","link":"https:\/\/blografia.net\/vicm3\/category\/educacion\/"},"img":{"alt_text":"","src":"","width":0,"height":0},"classes":[]},{"id":1670,"url":"https:\/\/blografia.net\/vicm3\/2016\/08\/php-y-certificados-firmados-por-uno-mismo-el-caso-de-moodle\/","url_meta":{"origin":1556,"position":2},"title":"PHP y certificados firmados por uno mismo el caso de Moodle","author":"vicm3","date":"29 agosto, 2016","format":false,"excerpt":"Ya lo puse en gran medida en ingles en enero de este a\u00f1o que actualizamos la mayor\u00eda de nuestros servidores a php > 5.6 y empezamos a tener problemas al mandar correo desde el mismo via SSL\/TLS entonces lo documento ac\u00e1 de nuevo pero en espa\u00f1ol, porque no se me\u2026","rel":"","context":"En \u00abEducaci\u00f3n\u00bb","block_context":{"text":"Educaci\u00f3n","link":"https:\/\/blografia.net\/vicm3\/category\/educacion\/"},"img":{"alt_text":"","src":"","width":0,"height":0},"classes":[]},{"id":1300,"url":"https:\/\/blografia.net\/vicm3\/2014\/03\/de-documentacion-malentendidos-y-rollo-es-decir-moodle\/","url_meta":{"origin":1556,"position":3},"title":"De documentaci\u00f3n, malentendidos y rollo es decir Moodle","author":"vicm3","date":"29 marzo, 2014","format":false,"excerpt":"Bueno originalmente andaba un poco frustrado, pero ya d\u00e1ndole un poco de distancia vale de todas formas la aclaraci\u00f3n por ah\u00ed hace unos d\u00edas fui a un seminario, quien estaba hablando es un experto en Moodle y efectivamente tiene mucha experiencia en \u00e1mbitos que yo no manejo y me congratulo\u2026","rel":"","context":"En \u00abEducaci\u00f3n\u00bb","block_context":{"text":"Educaci\u00f3n","link":"https:\/\/blografia.net\/vicm3\/category\/educacion\/"},"img":{"alt_text":"","src":"","width":0,"height":0},"classes":[]},{"id":752,"url":"https:\/\/blografia.net\/vicm3\/2010\/10\/on-the-debian-upgrade-for-moodle-to-1-8-13-miss-profile-pics-i-found-this\/","url_meta":{"origin":1556,"position":4},"title":"Miss the profile pics when upgrading Moodle to 1.8.13 on Debian?  I found this","author":"vicm3","date":"12 octubre, 2010","format":false,"excerpt":"On the upgrade from 1.8.2 to 1.8.13 the way \/var\/lib\/moodle profile pics where handle changed in a subtle way. From users\/x to user\/0 user\/1000 user\/2000 this is a very good idea, but I can't find info about it on README.Debian or any other documentation, would be nice to add to\u2026","rel":"","context":"En \u00abEducaci\u00f3n\u00bb","block_context":{"text":"Educaci\u00f3n","link":"https:\/\/blografia.net\/vicm3\/category\/educacion\/"},"img":{"alt_text":"","src":"","width":0,"height":0},"classes":[]},{"id":1040,"url":"https:\/\/blografia.net\/vicm3\/2013\/04\/debian-moodle-upstream\/","url_meta":{"origin":1556,"position":5},"title":"\u00bfDebian Moodle \/ Upstream?","author":"vicm3","date":"24 abril, 2013","format":false,"excerpt":"Una pregunta que no me responde la cantidad de instalaciones de Moodle en Debian [1], es cuantos est\u00e1n usando el paquete de Moodle de Debian, por las actualizaciones y las ventajas de tener un paquete probado y cuantos est\u00e1n usando el actual estable (upstream) es decir de la p\u00e1gina de\u2026","rel":"","context":"En \u00abDebraye\u00bb","block_context":{"text":"Debraye","link":"https:\/\/blografia.net\/vicm3\/category\/debraye\/"},"img":{"alt_text":"","src":"","width":0,"height":0},"classes":[]}],"_links":{"self":[{"href":"https:\/\/blografia.net\/vicm3\/wp-json\/wp\/v2\/posts\/1556","targetHints":{"allow":["GET"]}}],"collection":[{"href":"https:\/\/blografia.net\/vicm3\/wp-json\/wp\/v2\/posts"}],"about":[{"href":"https:\/\/blografia.net\/vicm3\/wp-json\/wp\/v2\/types\/post"}],"author":[{"embeddable":true,"href":"https:\/\/blografia.net\/vicm3\/wp-json\/wp\/v2\/users\/2"}],"replies":[{"embeddable":true,"href":"https:\/\/blografia.net\/vicm3\/wp-json\/wp\/v2\/comments?post=1556"}],"version-history":[{"count":0,"href":"https:\/\/blografia.net\/vicm3\/wp-json\/wp\/v2\/posts\/1556\/revisions"}],"wp:attachment":[{"href":"https:\/\/blografia.net\/vicm3\/wp-json\/wp\/v2\/media?parent=1556"}],"wp:term":[{"taxonomy":"category","embeddable":true,"href":"https:\/\/blografia.net\/vicm3\/wp-json\/wp\/v2\/categories?post=1556"},{"taxonomy":"post_tag","embeddable":true,"href":"https:\/\/blografia.net\/vicm3\/wp-json\/wp\/v2\/tags?post=1556"}],"curies":[{"name":"wp","href":"https:\/\/api.w.org\/{rel}","templated":true}]}}