{"id":1552,"date":"2016-03-30T18:12:06","date_gmt":"2016-03-31T00:12:06","guid":{"rendered":"http:\/\/blografia.net\/vicm3\/?p=1552"},"modified":"2016-03-30T19:05:39","modified_gmt":"2016-03-31T01:05:39","slug":"la-nube-no-existe","status":"publish","type":"post","link":"https:\/\/blografia.net\/vicm3\/2016\/03\/la-nube-no-existe\/","title":{"rendered":"La nube no existe"},"content":{"rendered":"<p>Solo las computadoras de otras personas, tiene un rato que vi los stickers, pero no tenia idea de d\u00f3nde hab\u00eda\u00a0salido y resulta que parce que inici\u00f3 en con la Free Software Foundation Europe [1]<\/p>\n<p><a href=\"https:\/\/blografia.net\/vicm3\/wp-content\/uploads\/2016\/03\/thereisnocloud_thumb.png\" rel=\"attachment wp-att-1553\"><img loading=\"lazy\" decoding=\"async\" class=\"aligncenter size-full wp-image-1553\" src=\"https:\/\/blografia.net\/vicm3\/wp-content\/uploads\/2016\/03\/thereisnocloud_thumb.png\" alt=\"thereisnocloud_thumb\" width=\"250\" height=\"162\" \/><\/a><\/p>\n<p>Aunque la imagen que he visto por todos lados y parece salto a la fama de un hilo de reddit [2] es:<\/p>\n<p><a href=\"https:\/\/blografia.net\/vicm3\/wp-content\/uploads\/2016\/03\/die-cut-stickers.png\" rel=\"attachment wp-att-1554\"><img loading=\"lazy\" decoding=\"async\" class=\"aligncenter size-medium wp-image-1554\" src=\"https:\/\/blografia.net\/vicm3\/wp-content\/uploads\/2016\/03\/die-cut-stickers-300x242.png\" alt=\"die-cut-stickers\" width=\"300\" height=\"242\" srcset=\"https:\/\/blografia.net\/vicm3\/wp-content\/uploads\/2016\/03\/die-cut-stickers-300x242.png 300w, https:\/\/blografia.net\/vicm3\/wp-content\/uploads\/2016\/03\/die-cut-stickers.png 325w\" sizes=\"auto, (max-width: 300px) 100vw, 300px\" \/><\/a><\/p>\n<p>Dicho sea de paso el origen del sticker m\u00e1s conocido y no tan clara su licencia proviene de \u00a0Chris Watterston [3]<\/p>\n<p>Me parece muy atinado y no se, en espa\u00f1ol que pudiera ser \u00abLa nube no existe, simplemente son las computadoras de otros\u00bb, pero claro igual podemos adaptarla para que tenga mas punch, Pooka ha sugerido <strong>\u00abLa nube no existe, simplemente es la computadora de otro\u00bb<\/strong> [4] y creo es mejor, hasta creo que empec\u00e9 escribiendo as\u00ed y luego lo quise traducir m\u00e1s literal y termin\u00f3 quedando lo que escribi arriba.<\/p>\n<p>[1]\u00a0<a href=\"https:\/\/fsfe.org\/contribute\/spreadtheword.en.html#nocloud\">https:\/\/fsfe.org\/contribute\/spreadtheword.en.html#nocloud<\/a><br \/>\n[2]\u00a0<a href=\"https:\/\/www.reddit.com\/r\/funny\/comments\/3aoy7r\/there_is_no_cloud\/\">https:\/\/www.reddit.com\/r\/funny\/comments\/3aoy7r\/there_is_no_cloud\/<\/a>[<br \/>\n[3]\u00a0<a href=\"https:\/\/www.chriswatterston.com\/blog\/my-there-no-cloud-sticker\">https:\/\/www.chriswatterston.com\/blog\/my-there-no-cloud-sticker<\/a><br \/>\n[4]\u00a0<a href=\"https:\/\/twitter.com\/p00k4\/status\/715332922539020289\">https:\/\/twitter.com\/p00k4\/status\/715332922539020289<\/a><\/p>\n","protected":false},"excerpt":{"rendered":"<p>Solo las computadoras de otras personas, tiene un rato que vi los stickers, pero no tenia idea de d\u00f3nde hab\u00eda\u00a0salido y resulta que parce que inici\u00f3 en con la Free Software Foundation Europe [1] Aunque la imagen que he visto &hellip; <a href=\"https:\/\/blografia.net\/vicm3\/2016\/03\/la-nube-no-existe\/\">Sigue leyendo <span class=\"meta-nav\">&rarr;<\/span><\/a><\/p>\n","protected":false},"author":2,"featured_media":0,"comment_status":"open","ping_status":"open","sticky":false,"template":"","format":"standard","meta":{"advanced_seo_description":"","jetpack_seo_html_title":"","jetpack_seo_noindex":false,"jetpack_post_was_ever_published":false,"_jetpack_newsletter_access":"","_jetpack_dont_email_post_to_subs":false,"_jetpack_newsletter_tier_id":0,"_jetpack_memberships_contains_paywalled_content":false,"_jetpack_memberships_contains_paid_content":false,"footnotes":"","jetpack_publicize_message":"","jetpack_publicize_feature_enabled":true,"jetpack_social_post_already_shared":true,"jetpack_social_options":{"image_generator_settings":{"template":"highway","default_image_id":0,"font":"","enabled":false},"version":2}},"categories":[5,10,7],"tags":[592,589,591,588,590],"class_list":["post-1552","post","type-post","status-publish","format-standard","hentry","category-debraye","category-planetalinux","category-web","tag-buzzword","tag-campana","tag-cloud","tag-fsfe","tag-la-nube"],"jetpack_publicize_connections":[],"jetpack_featured_media_url":"","jetpack_sharing_enabled":true,"jetpack-related-posts":[{"id":1684,"url":"https:\/\/blografia.net\/vicm3\/2016\/11\/azure-un-ano-despues\/","url_meta":{"origin":1552,"position":0},"title":"Azure un a\u00f1o despues","author":"vicm3","date":"8 noviembre, 2016","format":false,"excerpt":"A m\u00e1s de un a\u00f1o de distancia Lo que me gusta: La provisi\u00f3n de recursos es m\u00e1s o menos r\u00e1pida Soporta m\u00e1quinas virtuales con Linux Dos ca\u00eddas en un a\u00f1o, muy breves (una pudo ser programada, pero no tenia las alertas y no habia buscado por el obvio\u00a0https:\/\/azure.microsoft.com\/en-us\/status\/ ) Que\u2026","rel":"","context":"En \u00abplanetalinux\u00bb","block_context":{"text":"planetalinux","link":"https:\/\/blografia.net\/vicm3\/category\/planetalinux\/"},"img":{"alt_text":"","src":"","width":0,"height":0},"classes":[]},{"id":1360,"url":"https:\/\/blografia.net\/vicm3\/2014\/09\/de-trebejos-y-textos\/","url_meta":{"origin":1552,"position":1},"title":"De trebejos y textos","author":"vicm3","date":"9 septiembre, 2014","format":false,"excerpt":"En noviembre de 2012 me encontr\u00e9 revisando algunos documentos que est\u00e1n en mis directorios personales, pero que cargo junto con los del trabajo, organice lo que es personal y lo complete con mi directorio que no estaba en control de versiones, con una estructura similar a la del trabajo y\u2026","rel":"","context":"En \u00abDebraye\u00bb","block_context":{"text":"Debraye","link":"https:\/\/blografia.net\/vicm3\/category\/debraye\/"},"img":{"alt_text":"","src":"","width":0,"height":0},"classes":[]},{"id":1386,"url":"https:\/\/blografia.net\/vicm3\/2014\/10\/la-universidad-es-mi-casa\/","url_meta":{"origin":1552,"position":2},"title":"La universidad es mi casa","author":"vicm3","date":"11 octubre, 2014","format":false,"excerpt":"La semana pasada pens\u00e1ndolo as\u00ed nada m\u00e1s en lo que pasaba la nube, resulta que tengo veinte a\u00f1os viviendo en la universidad\u2026 en m\u00e1s de una forma No sobra decir que eso afecta mi opini\u00f3n, \"viva la\u00a0universidad p\u00fablica\".","rel":"","context":"En \u00abDebraye\u00bb","block_context":{"text":"Debraye","link":"https:\/\/blografia.net\/vicm3\/category\/debraye\/"},"img":{"alt_text":"","src":"","width":0,"height":0},"classes":[]},{"id":2172,"url":"https:\/\/blografia.net\/vicm3\/2020\/03\/moodle-en-la-nube\/","url_meta":{"origin":1552,"position":3},"title":"Moodle en la Nube","author":"vicm3","date":"21 marzo, 2020","format":false,"excerpt":"En especial la de Azure\u2026 en fin no me gusta tanto como quisiera, pero estaba viendo los n\u00fameros de lo que hemos estado respaldando y por supuesto yo me desmarque en este proyecto de la organizaci\u00f3n y liderazgo del proyecto y me quede con toda la parte de la infraestructura,\u2026","rel":"","context":"En \u00abDebraye\u00bb","block_context":{"text":"Debraye","link":"https:\/\/blografia.net\/vicm3\/category\/debraye\/"},"img":{"alt_text":"","src":"https:\/\/i0.wp.com\/img.youtube.com\/vi\/hl3IdSJQiws\/0.jpg?resize=350%2C200","width":350,"height":200},"classes":[]},{"id":2501,"url":"https:\/\/blografia.net\/vicm3\/2023\/05\/ociologos-org\/","url_meta":{"origin":1552,"position":4},"title":"Ociologos.org","author":"vicm3","date":"4 mayo, 2023","format":false,"excerpt":"Como los habituales del blog sabr\u00e1n es mi galer\u00eda personal que he utilizado desde all\u00e1 por 2002, la use en la p\u00e1gina del Anime Project y creo que antes de que Flickr fuera lo popular que se volvi\u00f3 lo ofrec\u00ed a un par de amigos, en 2014 tras el anuncio\u2026","rel":"","context":"En \u00abDebraye\u00bb","block_context":{"text":"Debraye","link":"https:\/\/blografia.net\/vicm3\/category\/debraye\/"},"img":{"alt_text":"","src":"","width":0,"height":0},"classes":[]},{"id":722,"url":"https:\/\/blografia.net\/vicm3\/2010\/03\/los-demasiados-libros\/","url_meta":{"origin":1552,"position":5},"title":"Los demasiados libros","author":"vicm3","date":"21 marzo, 2010","format":false,"excerpt":"Gabriel Zaid, dice: \"La gente que quisiera ser culta, va con temor a las librer\u00edas, se marea de ver la inmensidad de lo que no ha le\u00eddo, compra algo que le han dicho que es bueno, hace el intento de leerlo, sin \u00e9xito, y cuando tiene ya media docena de\u2026","rel":"","context":"En \u00abSin categor\u00eda\u00bb","block_context":{"text":"Sin categor\u00eda","link":"https:\/\/blografia.net\/vicm3\/category\/sin-categoria\/"},"img":{"alt_text":"","src":"","width":0,"height":0},"classes":[]}],"_links":{"self":[{"href":"https:\/\/blografia.net\/vicm3\/wp-json\/wp\/v2\/posts\/1552","targetHints":{"allow":["GET"]}}],"collection":[{"href":"https:\/\/blografia.net\/vicm3\/wp-json\/wp\/v2\/posts"}],"about":[{"href":"https:\/\/blografia.net\/vicm3\/wp-json\/wp\/v2\/types\/post"}],"author":[{"embeddable":true,"href":"https:\/\/blografia.net\/vicm3\/wp-json\/wp\/v2\/users\/2"}],"replies":[{"embeddable":true,"href":"https:\/\/blografia.net\/vicm3\/wp-json\/wp\/v2\/comments?post=1552"}],"version-history":[{"count":0,"href":"https:\/\/blografia.net\/vicm3\/wp-json\/wp\/v2\/posts\/1552\/revisions"}],"wp:attachment":[{"href":"https:\/\/blografia.net\/vicm3\/wp-json\/wp\/v2\/media?parent=1552"}],"wp:term":[{"taxonomy":"category","embeddable":true,"href":"https:\/\/blografia.net\/vicm3\/wp-json\/wp\/v2\/categories?post=1552"},{"taxonomy":"post_tag","embeddable":true,"href":"https:\/\/blografia.net\/vicm3\/wp-json\/wp\/v2\/tags?post=1552"}],"curies":[{"name":"wp","href":"https:\/\/api.w.org\/{rel}","templated":true}]}}