{"id":1507,"date":"2015-12-20T08:41:40","date_gmt":"2015-12-20T14:41:40","guid":{"rendered":"http:\/\/blografia.net\/vicm3\/?p=1507"},"modified":"2016-01-04T12:17:07","modified_gmt":"2016-01-04T18:17:07","slug":"adios-cable","status":"publish","type":"post","link":"https:\/\/blografia.net\/vicm3\/2015\/12\/adios-cable\/","title":{"rendered":"Adi\u00f3s cable"},"content":{"rendered":"<p>Finalmente descubr\u00ed porque cuando Cablevisi\u00f3n se convirti\u00f3 en Izzi estaba promocionando a los suscriptores de tiempo atr\u00e1s darles el servicio premium un a\u00f1o gratis, lo aprend\u00ed a la mala, resulta que si uno ten\u00eda el paquete b\u00e1sico digital, es decir el m\u00e1s chico cuando era cable, tiene uno m\u00e1s canales, especialmente los interesantes que si uno contrata con Izzi el paquete b\u00e1sico, entonces si uno venia de cable pasarse a su s\u00edmil en Izzi era perder los mejores canales, esto supone\u00a0 que del paquete b\u00e1sico de 389 hay que pasar al de 600 y algo para tener los mismos canales (m\u00e1s HD), total que en mi caso era pasar de pagar 451 por las extensiones a 651 con menos canales y si quer\u00eda los canales que cre\u00ed que si estaban incluidos pagar 851 ya con las extensiones.<\/p>\n<div id=\"attachment_1516\" style=\"width: 642px\" class=\"wp-caption aligncenter\"><img loading=\"lazy\" decoding=\"async\" aria-describedby=\"caption-attachment-1516\" class=\"wp-image-1516 size-full\" src=\"https:\/\/blografia.net\/vicm3\/wp-content\/uploads\/2015\/12\/dslvscable.jpg\" alt=\"dslvscable\" width=\"632\" height=\"247\" srcset=\"https:\/\/blografia.net\/vicm3\/wp-content\/uploads\/2015\/12\/dslvscable.jpg 632w, https:\/\/blografia.net\/vicm3\/wp-content\/uploads\/2015\/12\/dslvscable-300x117.jpg 300w\" sizes=\"auto, (max-width: 632px) 100vw, 632px\" \/><p id=\"caption-attachment-1516\" class=\"wp-caption-text\">La parte baja es el resultado de las pruebas con telmex, la parte alta es con Izzi, sin embargo me sigue funcionando m\u00e1s telmex ya que Izzi tiene grandes problemas con el trafico https el streaming y los fines de semana es terrible para streaming lo cual hace que esos 15mbs sean de chiste.<\/p><\/div>\n<p>Lo peor es que descubr\u00ed esto al estar probando el internet de Izzi, que dicho sea de paso si da los 15mbs en mi zona y todo lindo, para descargar archivos grandes, cargar p\u00e1ginas m\u00e1s r\u00e1pido, gran problema, el streaming nada m\u00e1s no, a mitad de pel\u00edculas grandes en Netflix o <strong>peor a\u00fan en fin de semana,\u00a0<\/strong>eso si las noches entre semana, HD y cualquier pel\u00edcula sin problema (si no tuviera que trabajar al otro d\u00eda), Netflix en cosas de m\u00e1s de una hora, imposible\u2026 dicho sea de paso el modem que ofrecen no aguanta el uso inal\u00e1mbrico que le damos, no son tantos clientes, pero los que tenemos hacen uso intensivo de la red, entre ellos dos chromecast<\/p>\n<p>&nbsp;<\/p>\n<p>El gran, gran problema, una vez pasado a Izzi que debo aceptar fue muy sencillo y r\u00e1pido, regresar al paquete que uno ten\u00eda, es imposible y al igual que otras compa\u00f1\u00edas, como la de tel\u00e9fonos, prefieren conseguir nuevos clientes que conservar buenos clientes, lo cual me parece una decisi\u00f3n mala, pero claro esto el tiempo lo dir\u00e1.<\/p>\n<p>Por mientras con youtube, Netflix y nuestra antena a\u00e9rea hecha con un cable d\u00faplex del 14 que por ah\u00ed sobro de cuando hicimos una l\u00e1mpara parece que ah\u00ed la llevamos con la despedida del cable y el apag\u00f3n anal\u00f3gico.<\/p>\n<p>No tengo los costos exactos, curiosamente la p\u00e1gina de Izzi esta en \u00abmantenumiento temporal;\u00bb<\/p>\n<p><a href=\"https:\/\/blografia.net\/vicm3\/wp-content\/uploads\/2015\/12\/izzi-20-dic-2015.jpg\" rel=\"attachment wp-att-1508\"><img loading=\"lazy\" decoding=\"async\" class=\"aligncenter wp-image-1508 size-full\" src=\"https:\/\/blografia.net\/vicm3\/wp-content\/uploads\/2015\/12\/izzi-20-dic-2015.jpg\" alt=\"izzi 20 dic 2015\" width=\"952\" height=\"419\" srcset=\"https:\/\/blografia.net\/vicm3\/wp-content\/uploads\/2015\/12\/izzi-20-dic-2015.jpg 952w, https:\/\/blografia.net\/vicm3\/wp-content\/uploads\/2015\/12\/izzi-20-dic-2015-300x132.jpg 300w, https:\/\/blografia.net\/vicm3\/wp-content\/uploads\/2015\/12\/izzi-20-dic-2015-768x338.jpg 768w\" sizes=\"auto, (max-width: 952px) 100vw, 952px\" \/><\/a><\/p>\n","protected":false},"excerpt":{"rendered":"<p>Finalmente descubr\u00ed porque cuando Cablevisi\u00f3n se convirti\u00f3 en Izzi estaba promocionando a los suscriptores de tiempo atr\u00e1s darles el servicio premium un a\u00f1o gratis, lo aprend\u00ed a la mala, resulta que si uno ten\u00eda el paquete b\u00e1sico digital, es decir &hellip; <a href=\"https:\/\/blografia.net\/vicm3\/2015\/12\/adios-cable\/\">Sigue leyendo <span class=\"meta-nav\">&rarr;<\/span><\/a><\/p>\n","protected":false},"author":2,"featured_media":0,"comment_status":"open","ping_status":"open","sticky":false,"template":"","format":"standard","meta":{"advanced_seo_description":"","jetpack_seo_html_title":"","jetpack_seo_noindex":false,"jetpack_post_was_ever_published":false,"_jetpack_newsletter_access":"","_jetpack_dont_email_post_to_subs":false,"_jetpack_newsletter_tier_id":0,"_jetpack_memberships_contains_paywalled_content":false,"_jetpack_memberships_contains_paid_content":false,"footnotes":"","jetpack_publicize_message":"","jetpack_publicize_feature_enabled":true,"jetpack_social_post_already_shared":true,"jetpack_social_options":{"image_generator_settings":{"template":"highway","default_image_id":0,"font":"","enabled":false},"version":2}},"categories":[5,10],"tags":[359,553,112,554,54],"class_list":["post-1507","post","type-post","status-publish","format-standard","hentry","category-debraye","category-planetalinux","tag-banda-ancha","tag-cable","tag-cablevision","tag-izzi","tag-streaming"],"jetpack_publicize_connections":[],"jetpack_featured_media_url":"","jetpack_sharing_enabled":true,"jetpack-related-posts":[{"id":1647,"url":"https:\/\/blografia.net\/vicm3\/2016\/06\/ancho-de-banda-y-satisfaccion\/","url_meta":{"origin":1507,"position":0},"title":"Ancho de banda y satisfacci\u00f3n","author":"vicm3","date":"15 junio, 2016","format":false,"excerpt":"Hasta hace poco me he estado quejando de que solo hay dos proveedores de banda ancha en mi zona, telmex e izzi el primero con 4. 7 mbs en una \u00e9poca 6 mbs y el segundo con 10 mbs, justo antes de cancelar el servicio de cable el gran Problema\u2026","rel":"","context":"En \u00abDebraye\u00bb","block_context":{"text":"Debraye","link":"https:\/\/blografia.net\/vicm3\/category\/debraye\/"},"img":{"alt_text":"","src":"","width":0,"height":0},"classes":[]},{"id":1559,"url":"https:\/\/blografia.net\/vicm3\/2016\/04\/inalambrico-en-terreno-hostil-continuado\/","url_meta":{"origin":1507,"position":1},"title":"Inalambrico en terreno hostil continuado","author":"vicm3","date":"12 abril, 2016","format":false,"excerpt":"Y bueno al punto de tirar mi modem,\u202d \u202cel d\u00eda que llame a soporte este se porto muy bien y funciono todo lo que tenia que funcionar,\u202d \u202centonces pens\u00e9 en como hacer para poder tener funcionando el inal\u00e1mbrico en las condiciones que tenia en casa,\u202d \u202clo primero ver que frecuencias\u2026","rel":"","context":"En \u00abDebraye\u00bb","block_context":{"text":"Debraye","link":"https:\/\/blografia.net\/vicm3\/category\/debraye\/"},"img":{"alt_text":"","src":"","width":0,"height":0},"classes":[]},{"id":1502,"url":"https:\/\/blografia.net\/vicm3\/2015\/11\/que-pasa-con-el-dsl\/","url_meta":{"origin":1507,"position":2},"title":"\u00bfQu\u00e9 pasa con el DSL?","author":"vicm3","date":"13 noviembre, 2015","format":false,"excerpt":"Y bueno estuvo fallando mi modem, finalmente ya no esta fallando, bueno al menos ya no se esta reiniciando. Pero ahora tengo una cosa muy interesante, de mi conexi\u00f3n que daba unos 5mbs y que de a ratos daba 6, ahora no paso de 4 y aunque pregunten sobre la\u2026","rel":"","context":"En \u00abDebraye\u00bb","block_context":{"text":"Debraye","link":"https:\/\/blografia.net\/vicm3\/category\/debraye\/"},"img":{"alt_text":"anuncio telmex 12 nov 2015","src":"https:\/\/i0.wp.com\/blografia.net\/vicm3\/wp-content\/uploads\/2015\/11\/anuncio-telmex-12-nov-2015.jpg?resize=350%2C200","width":350,"height":200,"srcset":"https:\/\/i0.wp.com\/blografia.net\/vicm3\/wp-content\/uploads\/2015\/11\/anuncio-telmex-12-nov-2015.jpg?resize=350%2C200 1x, https:\/\/i0.wp.com\/blografia.net\/vicm3\/wp-content\/uploads\/2015\/11\/anuncio-telmex-12-nov-2015.jpg?resize=525%2C300 1.5x, https:\/\/i0.wp.com\/blografia.net\/vicm3\/wp-content\/uploads\/2015\/11\/anuncio-telmex-12-nov-2015.jpg?resize=700%2C400 2x"},"classes":[]},{"id":258,"url":"https:\/\/blografia.net\/vicm3\/2006\/03\/el_cambio_comienza_por_uno_mismo\/","url_meta":{"origin":1507,"position":3},"title":"El cambio comienza por uno mismo","author":"vicm3","date":"25 marzo, 2006","format":false,"excerpt":"Y eso siempre cre\u00eddo y en muchas ocasiones he discutido de la corrupci\u00f3n y de cosas igual de intrascendentes, sin embargo ahora con lo del cable pasaron varias cosas que de no ser por que no voy a tener cable hasta el martes 28 me serian realmente divertidas. Bueno para\u2026","rel":"","context":"En \u00abSin categor\u00eda\u00bb","block_context":{"text":"Sin categor\u00eda","link":"https:\/\/blografia.net\/vicm3\/category\/sin-categoria\/"},"img":{"alt_text":"","src":"","width":0,"height":0},"classes":[]},{"id":2017,"url":"https:\/\/blografia.net\/vicm3\/2019\/05\/totalplay\/","url_meta":{"origin":1507,"position":4},"title":"Totalplay","author":"vicm3","date":"2 mayo, 2019","format":false,"excerpt":"Y bueno en entrada anterior he mencionado porque me decid\u00ed a decir adi\u00f3s a telmex, en realidad hab\u00eda pocas opciones, Izzi ya lo hab\u00eda probado en 2015 y aunque ya ofrec\u00eda s\u00f3lo internet y a mayor velocidad que entonces, totalplay estuvo disponible en la zona a finales de 2018. No\u2026","rel":"","context":"En \u00abGeneral\u00bb","block_context":{"text":"General","link":"https:\/\/blografia.net\/vicm3\/category\/general\/"},"img":{"alt_text":"","src":"https:\/\/i0.wp.com\/blografia.net\/vicm3\/wp-content\/uploads\/2019\/05\/Screenshot-from-2019-03-12-13-10-57a-1024x398.png?resize=350%2C200","width":350,"height":200,"srcset":"https:\/\/i0.wp.com\/blografia.net\/vicm3\/wp-content\/uploads\/2019\/05\/Screenshot-from-2019-03-12-13-10-57a-1024x398.png?resize=350%2C200 1x, https:\/\/i0.wp.com\/blografia.net\/vicm3\/wp-content\/uploads\/2019\/05\/Screenshot-from-2019-03-12-13-10-57a-1024x398.png?resize=525%2C300 1.5x"},"classes":[]},{"id":2016,"url":"https:\/\/blografia.net\/vicm3\/2019\/05\/adios-telmex\/","url_meta":{"origin":1507,"position":5},"title":"Adi\u00f3s telmex","author":"vicm3","date":"2 mayo, 2019","format":false,"excerpt":"Y sucedi\u00f3, que nuestro paquete de hasta 10 megas, no dio el ancho, lo cual es triste, porque era muy estable la conexi\u00f3n con telmex, en 2015 probamos el Internet de Izzi y aunque entregaba 15 mbs entre semana, de plano a partir del viernes era insufrible de usar en\u2026","rel":"","context":"En \u00abGeneral\u00bb","block_context":{"text":"General","link":"https:\/\/blografia.net\/vicm3\/category\/general\/"},"img":{"alt_text":"","src":"","width":0,"height":0},"classes":[]}],"_links":{"self":[{"href":"https:\/\/blografia.net\/vicm3\/wp-json\/wp\/v2\/posts\/1507","targetHints":{"allow":["GET"]}}],"collection":[{"href":"https:\/\/blografia.net\/vicm3\/wp-json\/wp\/v2\/posts"}],"about":[{"href":"https:\/\/blografia.net\/vicm3\/wp-json\/wp\/v2\/types\/post"}],"author":[{"embeddable":true,"href":"https:\/\/blografia.net\/vicm3\/wp-json\/wp\/v2\/users\/2"}],"replies":[{"embeddable":true,"href":"https:\/\/blografia.net\/vicm3\/wp-json\/wp\/v2\/comments?post=1507"}],"version-history":[{"count":0,"href":"https:\/\/blografia.net\/vicm3\/wp-json\/wp\/v2\/posts\/1507\/revisions"}],"wp:attachment":[{"href":"https:\/\/blografia.net\/vicm3\/wp-json\/wp\/v2\/media?parent=1507"}],"wp:term":[{"taxonomy":"category","embeddable":true,"href":"https:\/\/blografia.net\/vicm3\/wp-json\/wp\/v2\/categories?post=1507"},{"taxonomy":"post_tag","embeddable":true,"href":"https:\/\/blografia.net\/vicm3\/wp-json\/wp\/v2\/tags?post=1507"}],"curies":[{"name":"wp","href":"https:\/\/api.w.org\/{rel}","templated":true}]}}