{"id":1498,"date":"2015-11-04T17:42:47","date_gmt":"2015-11-04T23:42:47","guid":{"rendered":"http:\/\/blografia.net\/vicm3\/?p=1498"},"modified":"2015-11-04T17:42:47","modified_gmt":"2015-11-04T23:42:47","slug":"drupalcamp-mx","status":"publish","type":"post","link":"https:\/\/blografia.net\/vicm3\/2015\/11\/drupalcamp-mx\/","title":{"rendered":"Drupalcamp.mx"},"content":{"rendered":"<p>Y apenas ayer me acorde que de nuevo repite la UNAM como sede del Drupalcamp en M\u00e9xico, de hecho tuve que buscar el sitio, que claro era sencillo, pero no recordaba de primera intensi\u00f3n y leyendo planetalinux y los lugares de noticias que frecuento me sorprendi\u00f3 que nadie haya mencionado nada al respecto.<\/p>\n<p>Este a\u00f1o se llevar\u00e1 a cabo el 5,6 y 7 de noviembre de nuevo en la torre de ingenier\u00eda con un programa bastante interesante [1], el sitio oficial [2], de hecho veo que hay m\u00e1s noticias en su cuenta de twitter [3] y para no hacer menos, pongamos nuestro granito en planetalinux.<\/p>\n<p>[1] <a href=\"http:\/\/drupalcamp.mx\/oficial-schedule\">http:\/\/drupalcamp.mx\/oficial-schedule<br \/>\n<\/a>[2] <a href=\"http:\/\/drupalcamp.mx\/\">http:\/\/drupalcamp.mx\/<br \/>\n<\/a>[3] <a href=\"https:\/\/twitter.com\/hashtag\/DrupalCampMX\">https:\/\/twitter.com\/hashtag\/DrupalCampMX<\/a><\/p>\n","protected":false},"excerpt":{"rendered":"<p>Y apenas ayer me acorde que de nuevo repite la UNAM como sede del Drupalcamp en M\u00e9xico, de hecho tuve que buscar el sitio, que claro era sencillo, pero no recordaba de primera intensi\u00f3n y leyendo planetalinux y los lugares &hellip; <a href=\"https:\/\/blografia.net\/vicm3\/2015\/11\/drupalcamp-mx\/\">Sigue leyendo <span class=\"meta-nav\">&rarr;<\/span><\/a><\/p>\n","protected":false},"author":2,"featured_media":0,"comment_status":"open","ping_status":"open","sticky":false,"template":"","format":"standard","meta":{"advanced_seo_description":"","jetpack_seo_html_title":"","jetpack_seo_noindex":false,"jetpack_post_was_ever_published":false,"_jetpack_newsletter_access":"","_jetpack_dont_email_post_to_subs":false,"_jetpack_newsletter_tier_id":0,"_jetpack_memberships_contains_paywalled_content":false,"_jetpack_memberships_contains_paid_content":false,"footnotes":"","jetpack_publicize_message":"","jetpack_publicize_feature_enabled":true,"jetpack_social_post_already_shared":true,"jetpack_social_options":{"image_generator_settings":{"template":"highway","default_image_id":0,"font":"","enabled":false},"version":2}},"categories":[5,10,6,7],"tags":[],"class_list":["post-1498","post","type-post","status-publish","format-standard","hentry","category-debraye","category-planetalinux","category-trabajo","category-web"],"jetpack_publicize_connections":[],"jetpack_featured_media_url":"","jetpack_sharing_enabled":true,"jetpack-related-posts":[{"id":1305,"url":"https:\/\/blografia.net\/vicm3\/2014\/04\/requiem-planeta-linux\/","url_meta":{"origin":1498,"position":0},"title":"Requiem Planeta Linux","author":"vicm3","date":"22 abril, 2014","format":false,"excerpt":"O al menos hasta luego, desde febrero dejo de actualizar el feed de identi.ca y twitter o al menos la \u00faltima entrada parece ser de entonces [1],[2],[3], la configuraci\u00f3n parece a\u00fan estar en github [4], en fin le mande un par de mensajes a quien supongo tiene acceso al servidor\u2026","rel":"","context":"En \u00abArqueologia Infiernetica\u00bb","block_context":{"text":"Arqueologia Infiernetica","link":"https:\/\/blografia.net\/vicm3\/category\/arqueologia-infiernetica\/"},"img":{"alt_text":"","src":"","width":0,"height":0},"classes":[]},{"id":1429,"url":"https:\/\/blografia.net\/vicm3\/2015\/01\/lo-que-dejo-el-ano-viejo\/","url_meta":{"origin":1498,"position":1},"title":"Lo que dejo el a\u00f1o viejo","author":"vicm3","date":"19 enero, 2015","format":false,"excerpt":"Gallery [1] dejo de ser soportado a mediados del a\u00f1o y me entere justo antes de salir de vacaciones, tengo que buscar un remplazo. Zenphoto no me gusto como remplazo... y creo que tiene un rato que anda descuidado [2] Coppermine no me gusta como remplazo de Gallery [3] Aprend\u00ed\u2026","rel":"","context":"En \u00abDebraye\u00bb","block_context":{"text":"Debraye","link":"https:\/\/blografia.net\/vicm3\/category\/debraye\/"},"img":{"alt_text":"","src":"","width":0,"height":0},"classes":[]},{"id":2600,"url":"https:\/\/blografia.net\/vicm3\/2024\/11\/eureka\/","url_meta":{"origin":1498,"position":2},"title":"Eureka","author":"vicm3","date":"9 noviembre, 2024","format":false,"excerpt":"Cual dice arriba, lo encontr\u00e9, pero me estoy adelantando, como escrib\u00ed anteriormente, dej\u00f3 de funcionar el agregador de blografia y aunque lo pens\u00e9 como proyecto de fin de semana, m\u00e1s bien le fui dedicando por ah\u00ed una tarde de s\u00e1bado, varias noches y una ma\u00f1ana de jueves\u2026 Teniendo el antecedente\u2026","rel":"","context":"En \u00abDebraye\u00bb","block_context":{"text":"Debraye","link":"https:\/\/blografia.net\/vicm3\/category\/debraye\/"},"img":{"alt_text":"","src":"","width":0,"height":0},"classes":[]},{"id":1824,"url":"https:\/\/blografia.net\/vicm3\/2017\/12\/visualizacion-de-trabajo-distribuido\/","url_meta":{"origin":1498,"position":3},"title":"Visualizaci\u00f3n de trabajo distribuido","author":"vicm3","date":"5 diciembre, 2017","format":false,"excerpt":"Hace mucho tiempo vi una visualizaci\u00f3n de como se desarrolla Moodle [0], lo cual es muy interesante, de hecho me pareci\u00f3 tan interesante que le dedique un rato a eso y cree un par de visualizaciones de proyectos en los que estaba trabajando o a los que tenia acceso con\u2026","rel":"","context":"En \u00abGeneral\u00bb","block_context":{"text":"General","link":"https:\/\/blografia.net\/vicm3\/category\/general\/"},"img":{"alt_text":"","src":"https:\/\/i0.wp.com\/img.youtube.com\/vi\/kwA-yfVXnuk\/0.jpg?resize=350%2C200","width":350,"height":200},"classes":[]},{"id":749,"url":"https:\/\/blografia.net\/vicm3\/2010\/10\/latino-comedy-project\/","url_meta":{"origin":1498,"position":4},"title":"Latino Comedy Project","author":"vicm3","date":"5 octubre, 2010","format":false,"excerpt":"Lastima que hayan hecho pocos, muy buen humor y excelente trabajo, curioso que no haya una versi\u00f3n subtitulada. Su sitio oficial","rel":"","context":"En \u00abDebraye\u00bb","block_context":{"text":"Debraye","link":"https:\/\/blografia.net\/vicm3\/category\/debraye\/"},"img":{"alt_text":"","src":"","width":0,"height":0},"classes":[]},{"id":1849,"url":"https:\/\/blografia.net\/vicm3\/2018\/02\/rusia-y-la-red-tor\/","url_meta":{"origin":1498,"position":5},"title":"Rusia y la red TOR","author":"vicm3","date":"12 febrero, 2018","format":false,"excerpt":"Rusia no es conocida como un lugar muy democr\u00e1tico, la mayor\u00eda conocer\u00e1 la red TOR [1][2] y al menos sabr\u00e1 que de quienes han propuesto el colocar nodos de salida en casa en M\u00e9xico ha sido Gunnar Wolf [3][4], bueno en Rusia varios operadores de nodos de salida han sido\u2026","rel":"","context":"En \u00abGeneral\u00bb","block_context":{"text":"General","link":"https:\/\/blografia.net\/vicm3\/category\/general\/"},"img":{"alt_text":"","src":"","width":0,"height":0},"classes":[]}],"_links":{"self":[{"href":"https:\/\/blografia.net\/vicm3\/wp-json\/wp\/v2\/posts\/1498","targetHints":{"allow":["GET"]}}],"collection":[{"href":"https:\/\/blografia.net\/vicm3\/wp-json\/wp\/v2\/posts"}],"about":[{"href":"https:\/\/blografia.net\/vicm3\/wp-json\/wp\/v2\/types\/post"}],"author":[{"embeddable":true,"href":"https:\/\/blografia.net\/vicm3\/wp-json\/wp\/v2\/users\/2"}],"replies":[{"embeddable":true,"href":"https:\/\/blografia.net\/vicm3\/wp-json\/wp\/v2\/comments?post=1498"}],"version-history":[{"count":0,"href":"https:\/\/blografia.net\/vicm3\/wp-json\/wp\/v2\/posts\/1498\/revisions"}],"wp:attachment":[{"href":"https:\/\/blografia.net\/vicm3\/wp-json\/wp\/v2\/media?parent=1498"}],"wp:term":[{"taxonomy":"category","embeddable":true,"href":"https:\/\/blografia.net\/vicm3\/wp-json\/wp\/v2\/categories?post=1498"},{"taxonomy":"post_tag","embeddable":true,"href":"https:\/\/blografia.net\/vicm3\/wp-json\/wp\/v2\/tags?post=1498"}],"curies":[{"name":"wp","href":"https:\/\/api.w.org\/{rel}","templated":true}]}}