{"id":1494,"date":"2015-10-20T09:07:14","date_gmt":"2015-10-20T14:07:14","guid":{"rendered":"http:\/\/blografia.net\/vicm3\/?p=1494"},"modified":"2015-10-20T09:07:14","modified_gmt":"2015-10-20T14:07:14","slug":"bienvenidos-a-la-tierra-media","status":"publish","type":"post","link":"https:\/\/blografia.net\/vicm3\/2015\/10\/bienvenidos-a-la-tierra-media\/","title":{"rendered":"Bienvenidos a la Tierra Media"},"content":{"rendered":"<p>\u00a1Inicia la cuenta regresiva para convertirnos en Tierra Media!<\/p>\n<p>Por si no lo hab\u00edas le\u00eddo: el domingo 25 de octubre tendremos un homenaje a \u201cEl Se\u00f1or de los Anillos\u201d 60 a\u00f1os de elfos, hobbits, magos y enanos, organizado por la <a href=\"https:\/\/www.facebook.com\/tolkiendili\" data-hovercard=\"\/ajax\/hovercard\/page.php?id=112328872137022&amp;extragetparams=%7B%22directed_target_id%22%3A0%7D\">Sociedad Tolkiendili de M\u00e9xico A.C.<\/a><br \/>\n<a href=\"https:\/\/blografia.net\/vicm3\/wp-content\/uploads\/2015\/10\/Tolkienaniversario.jpg\"><img loading=\"lazy\" decoding=\"async\" class=\"aligncenter size-full wp-image-1495\" src=\"https:\/\/blografia.net\/vicm3\/wp-content\/uploads\/2015\/10\/Tolkienaniversario.jpg\" alt=\"Tolkienaniversario\" width=\"600\" height=\"921\" srcset=\"https:\/\/blografia.net\/vicm3\/wp-content\/uploads\/2015\/10\/Tolkienaniversario.jpg 600w, https:\/\/blografia.net\/vicm3\/wp-content\/uploads\/2015\/10\/Tolkienaniversario-195x300.jpg 195w\" sizes=\"auto, (max-width: 600px) 100vw, 600px\" \/><\/a><br \/>\nConferencias, actividades esc\u00e9nicas, talleres y juegos. Consulta la programaci\u00f3n completa en <a href=\"http:\/\/bit.ly\/CenartTolkien\" target=\"_blank\" rel=\"nofollow nofollow\">http:\/\/bit.ly\/<wbr \/>CenartTolkien<\/a>. Recuerda que las actividades son gratuitas y de cupo limitado, as\u00ed que te recomendamos llegar anticipadamente.<\/p>\n<div class=\"n diyfeLiveArea\">\n<p>&nbsp;<\/p>\n<p>Para m\u00e1s detalles, consulta el Programa completo <strong><a href=\"https:\/\/app.box.com\/s\/zgqjbuxrljsafaws1o8nnlmhchocdqu2\" target=\"_blank\">AQU\u00cd<\/a><\/strong>. Y la Convocatoria al concurso de disfraces <strong><a href=\"https:\/\/app.box.com\/s\/ic9a9km3sai7g7u0gtx5xzx53w6lblpb\" target=\"_blank\">AQU\u00cd<\/a><\/strong>.<\/p>\n<\/div>\n<div class=\"n diyfeLiveArea\"><\/div>\n","protected":false},"excerpt":{"rendered":"<p>\u00a1Inicia la cuenta regresiva para convertirnos en Tierra Media! Por si no lo hab\u00edas le\u00eddo: el domingo 25 de octubre tendremos un homenaje a \u201cEl Se\u00f1or de los Anillos\u201d 60 a\u00f1os de elfos, hobbits, magos y enanos, organizado por la &hellip; <a href=\"https:\/\/blografia.net\/vicm3\/2015\/10\/bienvenidos-a-la-tierra-media\/\">Sigue leyendo <span class=\"meta-nav\">&rarr;<\/span><\/a><\/p>\n","protected":false},"author":2,"featured_media":0,"comment_status":"open","ping_status":"open","sticky":false,"template":"","format":"standard","meta":{"advanced_seo_description":"","jetpack_seo_html_title":"","jetpack_seo_noindex":false,"jetpack_post_was_ever_published":false,"_jetpack_newsletter_access":"","_jetpack_dont_email_post_to_subs":false,"_jetpack_newsletter_tier_id":0,"_jetpack_memberships_contains_paywalled_content":false,"_jetpack_memberships_contains_paid_content":false,"footnotes":"","jetpack_publicize_message":"","jetpack_publicize_feature_enabled":true,"jetpack_social_post_already_shared":true,"jetpack_social_options":{"image_generator_settings":{"template":"highway","default_image_id":0,"font":"","enabled":false},"version":2}},"categories":[19,5,10,7],"tags":[541,540,539,537,542,543,544,538],"class_list":["post-1494","post","type-post","status-publish","format-standard","hentry","category-comic","category-debraye","category-planetalinux","category-web","tag-60-aniversario","tag-cenart","tag-el-senor-de-los-anillos","tag-elsda","tag-entrada-libre","tag-eventos","tag-fans-para-fans","tag-tolkien"],"jetpack_publicize_connections":[],"jetpack_featured_media_url":"","jetpack_sharing_enabled":true,"jetpack-related-posts":[{"id":1903,"url":"https:\/\/blografia.net\/vicm3\/2018\/07\/anillo-en-el-cielo\/","url_meta":{"origin":1494,"position":0},"title":"Anillo en el cielo","author":"vicm3","date":"8 julio, 2018","format":false,"excerpt":"Ayer, regresando de almorzar, el cielo nos dio un espect\u00e1culo.","rel":"","context":"En \u00abGeneral\u00bb","block_context":{"text":"General","link":"https:\/\/blografia.net\/vicm3\/category\/general\/"},"img":{"alt_text":"","src":"https:\/\/i0.wp.com\/blografia.net\/vicm3\/wp-content\/uploads\/2018\/07\/IMG_20180707_123448690-169x300.jpg?resize=350%2C200","width":350,"height":200},"classes":[]},{"id":1511,"url":"https:\/\/blografia.net\/vicm3\/2015\/12\/age-wisdom\/","url_meta":{"origin":1494,"position":1},"title":"Age wisdom","author":"vicm3","date":"28 diciembre, 2015","format":false,"excerpt":"A nice touch for the newer fans, but a big one for the older ones. Luke Skywalker: You don't believe in the Force, do you? Han Solo: Kid, I've flown from one side of this galaxy to the other, and I've seen a lot of strange stuff, but I've never\u2026","rel":"","context":"En \u00abDebraye\u00bb","block_context":{"text":"Debraye","link":"https:\/\/blografia.net\/vicm3\/category\/debraye\/"},"img":{"alt_text":"It's true all of it","src":"https:\/\/i0.wp.com\/blografia.net\/vicm3\/wp-content\/uploads\/2015\/12\/Its-true-all-of-it-964x1024.jpg?resize=350%2C200","width":350,"height":200,"srcset":"https:\/\/i0.wp.com\/blografia.net\/vicm3\/wp-content\/uploads\/2015\/12\/Its-true-all-of-it-964x1024.jpg?resize=350%2C200 1x, https:\/\/i0.wp.com\/blografia.net\/vicm3\/wp-content\/uploads\/2015\/12\/Its-true-all-of-it-964x1024.jpg?resize=525%2C300 1.5x"},"classes":[]},{"id":1335,"url":"https:\/\/blografia.net\/vicm3\/2014\/06\/phdcomics-the-movie\/","url_meta":{"origin":1494,"position":2},"title":"Phdcomics the movie","author":"vicm3","date":"30 junio, 2014","format":false,"excerpt":"Well the second part if you haven't watch the first movie you still have three days to watch it free\u00a0[1], don't really remember why haven't post about but in case you don't know this interesting webcomic now it's the time to waste know it at\u00a0http:\/\/phdcomics.com\/\u00a0[2]. http:\/\/www.youtube.com\/watch?v=uMFKu8ies0c https:\/\/www.youtube.com\/watch?v=tTuKQEAIQAo Also there is\u2026","rel":"","context":"En \u00abComic\u00bb","block_context":{"text":"Comic","link":"https:\/\/blografia.net\/vicm3\/category\/comic\/"},"img":{"alt_text":"phd052114s","src":"https:\/\/i0.wp.com\/blografia.net\/vicm3\/wp-content\/uploads\/2014\/06\/phd052114s.gif?resize=350%2C200","width":350,"height":200,"srcset":"https:\/\/i0.wp.com\/blografia.net\/vicm3\/wp-content\/uploads\/2014\/06\/phd052114s.gif?resize=350%2C200 1x, https:\/\/i0.wp.com\/blografia.net\/vicm3\/wp-content\/uploads\/2014\/06\/phd052114s.gif?resize=525%2C300 1.5x"},"classes":[]},{"id":258,"url":"https:\/\/blografia.net\/vicm3\/2006\/03\/el_cambio_comienza_por_uno_mismo\/","url_meta":{"origin":1494,"position":3},"title":"El cambio comienza por uno mismo","author":"vicm3","date":"25 marzo, 2006","format":false,"excerpt":"Y eso siempre cre\u00eddo y en muchas ocasiones he discutido de la corrupci\u00f3n y de cosas igual de intrascendentes, sin embargo ahora con lo del cable pasaron varias cosas que de no ser por que no voy a tener cable hasta el martes 28 me serian realmente divertidas. Bueno para\u2026","rel":"","context":"En \u00abSin categor\u00eda\u00bb","block_context":{"text":"Sin categor\u00eda","link":"https:\/\/blografia.net\/vicm3\/category\/sin-categoria\/"},"img":{"alt_text":"","src":"","width":0,"height":0},"classes":[]},{"id":1376,"url":"https:\/\/blografia.net\/vicm3\/2014\/09\/sobre-el-reglamento-del-ipn\/","url_meta":{"origin":1494,"position":4},"title":"Sobre el reglamento del IPN","author":"vicm3","date":"26 septiembre, 2014","format":false,"excerpt":"Y bueno mucho se ha escrito recientemente sobre los cambios del reglamento interno del IPN, especialmente he visto circular en FB el siguiente mensaje: \u2022 El art\u00edculo 47, plantea que un alumno que adeude una unidad de aprendizaje por m\u00e1s de dos semestres posteriores al que se curs\u00f3, s\u00ed el\u2026","rel":"","context":"En \u00abEducaci\u00f3n\u00bb","block_context":{"text":"Educaci\u00f3n","link":"https:\/\/blografia.net\/vicm3\/category\/educacion\/"},"img":{"alt_text":"","src":"","width":0,"height":0},"classes":[]},{"id":1898,"url":"https:\/\/blografia.net\/vicm3\/2018\/07\/de-filtros-y-peceras\/","url_meta":{"origin":1494,"position":5},"title":"De filtros y peceras","author":"vicm3","date":"8 julio, 2018","format":false,"excerpt":"De filtros no de agua potable, bueno no humana, una afici\u00f3n que compartimos en casa, son los peces de agua dulce, en especial a mi me gustan los que requieren el menor cuidado y de esto seguro hasta una entrada completa puedo hacer, pero no es el caso ahora. Hace\u2026","rel":"","context":"En \u00abDebraye\u00bb","block_context":{"text":"Debraye","link":"https:\/\/blografia.net\/vicm3\/category\/debraye\/"},"img":{"alt_text":"","src":"https:\/\/i0.wp.com\/blografia.net\/vicm3\/wp-content\/uploads\/2018\/07\/IMG_20180708_121336125-169x300.jpg?resize=350%2C200","width":350,"height":200},"classes":[]}],"_links":{"self":[{"href":"https:\/\/blografia.net\/vicm3\/wp-json\/wp\/v2\/posts\/1494","targetHints":{"allow":["GET"]}}],"collection":[{"href":"https:\/\/blografia.net\/vicm3\/wp-json\/wp\/v2\/posts"}],"about":[{"href":"https:\/\/blografia.net\/vicm3\/wp-json\/wp\/v2\/types\/post"}],"author":[{"embeddable":true,"href":"https:\/\/blografia.net\/vicm3\/wp-json\/wp\/v2\/users\/2"}],"replies":[{"embeddable":true,"href":"https:\/\/blografia.net\/vicm3\/wp-json\/wp\/v2\/comments?post=1494"}],"version-history":[{"count":0,"href":"https:\/\/blografia.net\/vicm3\/wp-json\/wp\/v2\/posts\/1494\/revisions"}],"wp:attachment":[{"href":"https:\/\/blografia.net\/vicm3\/wp-json\/wp\/v2\/media?parent=1494"}],"wp:term":[{"taxonomy":"category","embeddable":true,"href":"https:\/\/blografia.net\/vicm3\/wp-json\/wp\/v2\/categories?post=1494"},{"taxonomy":"post_tag","embeddable":true,"href":"https:\/\/blografia.net\/vicm3\/wp-json\/wp\/v2\/tags?post=1494"}],"curies":[{"name":"wp","href":"https:\/\/api.w.org\/{rel}","templated":true}]}}