{"id":1217,"date":"2013-09-30T15:42:53","date_gmt":"2013-09-30T20:42:53","guid":{"rendered":"http:\/\/blografia.net\/vicm3\/?p=1217"},"modified":"2013-10-02T00:28:01","modified_gmt":"2013-10-02T05:28:01","slug":"acaso-no-te-importa-que-los-ninos-se-queden-sin-clases","status":"publish","type":"post","link":"https:\/\/blografia.net\/vicm3\/2013\/09\/acaso-no-te-importa-que-los-ninos-se-queden-sin-clases\/","title":{"rendered":"\u00bfAcaso no te importa que los ni\u00f1os se queden sin clases?"},"content":{"rendered":"<p>No he podido localizar la fuente, pero me parece un texto interesante. Con todos los asegunes que puede llegar a tener.<\/p>\n<p>Un padre de familia molesto le pregunt\u00f3 a un maestro:<br \/>\n-\u00bfAcaso no te importa que los ni\u00f1os se queden sin clases? Ellos, qu\u00e9 culpa tienen&#8230;?<br \/>\nEl maestro le respondi\u00f3:<br \/>\n-Claro que me preocupa&#8230;<br \/>\nME PREOCUPA que se queden sin clases, sin libros, sin salones, sin electricidad, sin luz, sin material ni equipos de apoyo.<br \/>\nME PREOCUPA que los padres sean los \u00fanicos responsables de pagar todos los gastos y el gobierno se deslinde TOTALMENTE de sus<br \/>\nobligaciones con el sustento de la educaci\u00f3n.<br \/>\nME PREOCUPA que quieran evaluar a los maestros con un examen que a\u00fan no existe, ni han determinado c\u00f3mo es, y sin embargo dicho examen YA tenga el poder de despedir maestros.<br \/>\nME PREOCUPA que ahora los maestros no sean parte de los trabajadores del gobierno, que los pongan a un lado para poder despedirlos sin indemnizaci\u00f3n.<br \/>\nME PREOCUPA que ahora llegues a tus 70 a\u00f1os, hecho una pasa y NO te den la jubilaci\u00f3n de TODOS tus a\u00f1os de servicio y a esa edad NO encuentres otro trabajo para mantenerte y llevarte un pan a la boca para ti y tu familia.<br \/>\nME PREOCUPA que mis padres que siempre estuvieron para los alumnos antes que para m\u00ed y que mantienen una familia, los despidan sin m\u00e1s ni<br \/>\nm\u00e1s de una profesi\u00f3n que les cost\u00f3 una vida y les cost\u00f3 perderse tantos momentos familiares.<br \/>\nME PREOCUPA luchar por un pa\u00eds que prefiere ver telenovelas y creer a las noticias de televisi\u00f3n antes que LEER ELLOS MISMOS las reformas.<br \/>\nME PREOCUPA que le sigan CREYENDO al gobierno a pesar de TODO.<br \/>\nME PREOCUPA perder tantas clases, dormir en el piso, mojarme en las marchas, pelarme la piel, dormir dos, tres horas, comer lo que puedas y cuando puedas.<br \/>\nPero sobre TODO me PREOCUPA ENTREGAR TODO lo que tengo Y QUE AL FINAL POR CULPA DE LOS QUE NO HACEN NADA y ganan en un mes m\u00e1s de lo que t\u00fa y yo juntos en toda nuestra vida, M\u00c9XICO se privatice y T\u00da y YO sigamos pagando m\u00e1s cada d\u00eda y AHORA con m\u00e1s INTERESES!<\/p>\n<p>ME PREOCUPAN muchas m\u00e1s cosas, pero sobre todo: NO me preocupa la maldad de los malos&#8230;ME PREOCUPA M\u00c1S&#8230; LA INDIFERENCIA DE LOS<br \/>\nBUENOS&#8230;<\/p>\n","protected":false},"excerpt":{"rendered":"<p>No he podido localizar la fuente, pero me parece un texto interesante. Con todos los asegunes que puede llegar a tener. Un padre de familia molesto le pregunt\u00f3 a un maestro: -\u00bfAcaso no te importa que los ni\u00f1os se queden &hellip; <a href=\"https:\/\/blografia.net\/vicm3\/2013\/09\/acaso-no-te-importa-que-los-ninos-se-queden-sin-clases\/\">Sigue leyendo <span class=\"meta-nav\">&rarr;<\/span><\/a><\/p>\n","protected":false},"author":2,"featured_media":0,"comment_status":"open","ping_status":"open","sticky":false,"template":"","format":"standard","meta":{"advanced_seo_description":"","jetpack_seo_html_title":"","jetpack_seo_noindex":false,"jetpack_seo_schema_type":"","_jetpack_newsletter_access":"","_jetpack_dont_email_post_to_subs":false,"_jetpack_newsletter_tier_id":0,"_jetpack_memberships_contains_paywalled_content":false,"_jetpack_feature_clip_id":0,"_jetpack_memberships_contains_paid_content":false,"footnotes":"","jetpack_publicize_message":"","jetpack_publicize_feature_enabled":true,"jetpack_social_post_already_shared":true,"jetpack_social_options":{"image_generator_settings":{"template":"highway","default_image_id":0,"font":"","enabled":false},"version":2},"jetpack_post_was_ever_published":false},"categories":[5,3,7],"tags":[206,205,179,208,207],"class_list":["post-1217","post","type-post","status-publish","format-standard","hentry","category-debraye","category-general","category-web","tag-circulando-en-la-web","tag-correo","tag-interesante","tag-reflexion","tag-sin-fuente"],"jetpack_publicize_connections":[],"jetpack_sharing_enabled":true,"jetpack-related-posts":[{"id":101,"url":"https:\/\/blografia.net\/vicm3\/2005\/05\/hay_das_y_das\/","url_meta":{"origin":1217,"position":0},"title":"Hay d\u00edas y d\u00edas","author":"vicm3","date":"12 mayo, 2005","format":false,"excerpt":"Hoy no fue mi d\u00eda\u2026 definitivamente\u2026 bueno eso de levantarse a las 5am para ir a trabajar o no llegar a las 8 al trabajo ya a estas alturas del semestre me saca un tanto de quicio, dar solo una hora de clase de las 2 que tengo que dar\u2026\u2026","rel":"","context":"En \u00abSin categor\u00eda\u00bb","block_context":{"text":"Sin categor\u00eda","link":"https:\/\/blografia.net\/vicm3\/category\/sin-categoria\/"},"img":{"alt_text":"","src":"","width":0,"height":0},"classes":[]},{"id":728,"url":"https:\/\/blografia.net\/vicm3\/2010\/05\/como-han-cambiado-las-cosas\/","url_meta":{"origin":1217,"position":1},"title":"Como han cambiado las cosas&#8230;","author":"vicm3","date":"27 mayo, 2010","format":false,"excerpt":"Hecho: Un par de ni\u00f1os se enfrascan en un pleito en el interior de la escuela y se retan a la hora de la salida. 1977: Afuera de la escuela, se forma un grupo numeroso de espectadores, pero los contendientes se la pasan empuj\u00e1ndose uno a otro solo lanz\u00e1ndose retos.\u2026","rel":"","context":"En \u00abEducaci\u00f3n\u00bb","block_context":{"text":"Educaci\u00f3n","link":"https:\/\/blografia.net\/vicm3\/category\/educacion\/"},"img":{"alt_text":"","src":"","width":0,"height":0},"classes":[]},{"id":1835,"url":"https:\/\/blografia.net\/vicm3\/2017\/12\/los-mejores-maestros\/","url_meta":{"origin":1217,"position":2},"title":"Los mejores maestros","author":"vicm3","date":"20 diciembre, 2017","format":false,"excerpt":"Hoy record\u00e9 a varios de mis maestros de licenciatura y me puse a buscar si hab\u00eda alg\u00fan video de alguna de sus clases o de alguna conferencia y le dedique a eso una media hora y encontr\u00e9 una intervenci\u00f3n en un evento de la direcci\u00f3n de relaciones sociales y me\u2026","rel":"","context":"En \u00abEducaci\u00f3n\u00bb","block_context":{"text":"Educaci\u00f3n","link":"https:\/\/blografia.net\/vicm3\/category\/educacion\/"},"img":{"alt_text":"","src":"","width":0,"height":0},"classes":[]},{"id":20,"url":"https:\/\/blografia.net\/vicm3\/2004\/10\/diferenciaso_traduttore_traditore\/","url_meta":{"origin":1217,"position":3},"title":"Diferencias&#8230;o traduttore ,traditore","author":"vicm3","date":"7 octubre, 2004","format":false,"excerpt":"Que diferencia de: \"Cuando los pensamientos de los hombres superan a los de los dioses, \u00e9stos \u00faltimos \u00bfqu\u00e9 es lo que perdonan y qu\u00e9 clase de castigo les dar\u00e1n?\" \"\u00a1Ah! Disculpe. Este lugar es demasiado hermoso y, de alguna forma me hace sentir nostalgia, aunque es la primera vez que\u2026","rel":"","context":"En \u00abAnime|Manga\u00bb","block_context":{"text":"Anime|Manga","link":"https:\/\/blografia.net\/vicm3\/category\/animemanga\/"},"img":{"alt_text":"","src":"","width":0,"height":0},"classes":[]},{"id":647,"url":"https:\/\/blografia.net\/vicm3\/2009\/05\/yo-bastante-preocupado\/","url_meta":{"origin":1217,"position":4},"title":"Yo bastante preocupado","author":"vicm3","date":"20 mayo, 2009","format":false,"excerpt":"De que una inyecci\u00f3n de c\u00f3digo, cuando cambie de apache1.3.x a lighttpd hubiese creado un agujero de spam en una de mis maquinas, fui a dar una revisada a los RBL y dem\u00e1s chunches similares, en pr\u00e1cticamente ninguno estaba marcado, sin embargo en una revisi\u00f3n m\u00faltiple SORBS mando que estaba\u2026","rel":"","context":"En \u00abSin categor\u00eda\u00bb","block_context":{"text":"Sin categor\u00eda","link":"https:\/\/blografia.net\/vicm3\/category\/sin-categoria\/"},"img":{"alt_text":"","src":"","width":0,"height":0},"classes":[]},{"id":175,"url":"https:\/\/blografia.net\/vicm3\/2005\/11\/reir_o_llorar-2\/","url_meta":{"origin":1217,"position":5},"title":"\u00bfReir o llorar?","author":"vicm3","date":"25 noviembre, 2005","format":false,"excerpt":"Puedo recordar cuando maestro, no solo era una condici\u00f3n de estatus, tambien se ganaba bien... ---- EC.X.CSH.a.041.05 ASOCIADO DE TIEMPO PARCIAL Departamento: Educaci\u00f3n y Comunicaci\u00f3n \u00c1rea Departamental: Taller de Lenguas Extranjeras Salario: $3,216.00 Horario: L. a V. 8:00 a 11:00 hrs. Fecha de inicio y terminaci\u00f3n: 09 01 06 a\u2026","rel":"","context":"En \u00abSin categor\u00eda\u00bb","block_context":{"text":"Sin categor\u00eda","link":"https:\/\/blografia.net\/vicm3\/category\/sin-categoria\/"},"img":{"alt_text":"","src":"","width":0,"height":0},"classes":[]}],"jetpack_featured_media_url":"","_links":{"self":[{"href":"https:\/\/blografia.net\/vicm3\/wp-json\/wp\/v2\/posts\/1217","targetHints":{"allow":["GET"]}}],"collection":[{"href":"https:\/\/blografia.net\/vicm3\/wp-json\/wp\/v2\/posts"}],"about":[{"href":"https:\/\/blografia.net\/vicm3\/wp-json\/wp\/v2\/types\/post"}],"author":[{"embeddable":true,"href":"https:\/\/blografia.net\/vicm3\/wp-json\/wp\/v2\/users\/2"}],"replies":[{"embeddable":true,"href":"https:\/\/blografia.net\/vicm3\/wp-json\/wp\/v2\/comments?post=1217"}],"version-history":[{"count":0,"href":"https:\/\/blografia.net\/vicm3\/wp-json\/wp\/v2\/posts\/1217\/revisions"}],"wp:attachment":[{"href":"https:\/\/blografia.net\/vicm3\/wp-json\/wp\/v2\/media?parent=1217"}],"wp:term":[{"taxonomy":"category","embeddable":true,"href":"https:\/\/blografia.net\/vicm3\/wp-json\/wp\/v2\/categories?post=1217"},{"taxonomy":"post_tag","embeddable":true,"href":"https:\/\/blografia.net\/vicm3\/wp-json\/wp\/v2\/tags?post=1217"}],"curies":[{"name":"wp","href":"https:\/\/api.w.org\/{rel}","templated":true}]}}