{"id":435,"date":"2009-05-08T13:25:56","date_gmt":"2009-05-08T13:25:56","guid":{"rendered":"http:\/\/janus.ajusco.upn.mx\/wp\/?p=435"},"modified":"2009-05-08T13:25:56","modified_gmt":"2009-05-08T13:25:56","slug":"privilegio-u-obligacin","status":"publish","type":"post","link":"https:\/\/blografia.net\/ceidric\/2009\/05\/privilegio-u-obligacin\/","title":{"rendered":"Privilegio u obligaci\u00f3n&#8230;"},"content":{"rendered":"<p>Pocas veces me pongo a pensar en mi trabajo como una resp\u00f3nsabilidad m\u00e1s all\u00e1 de la meramente laboral, y es que inmerso como estamos en la ebullic\u00f3n de tanta informaci\u00f3n, en ocasiones, lamentable o afortunadamente, pocas veces recuerdo que mi trabajo es una grata oportunidad y una enorme responsabilidad de informar y dar un servicio a la poblaci\u00f3n que nos lee y a la que no tambi\u00e9n, es parte de la trascendencia de un medio&#8230;<\/p>\n<p>Si bien, la mayor\u00eda de todos nosotros nos enteramos por los medios electr\u00f3nicos, d\u00edcese de la tele, el radio o el internet, nuestro plus en la prensa escrita, es detallar m\u00e1s lo que pasa, dejar una huella de la historia reciente y escribirla todos los d\u00edas&#8230; algo sumamente dificil y que requiere de un compromiso, los que me conocen saben que m\u00e1s que compromiso, tengo pasi\u00f3n y obsesi\u00f3n por lo que hago&#8230;<\/p>\n<p>Justo ahora con la emergencia santiaria por la epidemia de influenza, me imbu\u00ed en una vor\u00e1gine de informaci\u00f3n que aun no concluye, que nos impacta a todos por igual y que mientras cientos, miles, millones de personas se vieron afectados por el hecho de no salir de sus casas, no asistira la escuela, dejar de trabajar o simplemente se vieron imposibilitados para divertirse, fue algo que para mi, digamoslo as\u00ed, pas\u00f3 de noche pero que sin embargo me toc\u00f3 informar a los dem\u00e1s de ello y dar cuenta del impacto que traia consigo&#8230;<\/p>\n<p>Me enter\u00e9, junto con algunos cuantos de muchas cosas antes que mucha gente, mi trabajo y el de mis compa\u00f1eros fue determinar c\u00f3mo es que podr\u00edamos servir a la poblaci\u00f3n con nuestro trabajo y en cierta manera, agradecerles el hecho de leernos cada d\u00eda&#8230;<\/p>\n<p>Cierto, algunos d\u00edas de plano estaba realmente a punto de tirar la toalla, pero siempre, poco a poco fui tomando aire y henos aqu\u00ed, en la batalla&#8230;<\/p>\n<p>Pero tampoco las cosas son dulces y tener acceso a informaci\u00f3n privilegiada y r\u00e1pidamente ha sido lo mejor, digo cuando aqu\u00ed organizamos la informaci\u00f3n hay que resaltar el trabajo de nuestros compa\u00f1eros, todos somos un equipo y si bien todos quieren salir, ya sea su nombre o su foto, ello realmente es algo complicado, pues el espacio es poco&#8230;<\/p>\n<p>Pero lejos de ello, el hecho de enviarlos a la calle a partirse el lomo, soportar el calor, la malas caras y la busqueda de aquello que es noticia, lamentablemente pocas veces se reditua en reconocimiento y en lo dem\u00e1s, pero as\u00ed es esrta chamba, injusta y desalmada, egoista y dura, pero gratificante al final de cuentas, somos masoquistas creo, yo si, al menos&#8230;<\/p>\n<p>Con mi chamba y la de mis compa\u00f1eros pudimos decirle a la gente lo mal que est\u00e1 nuestro sistema de salud, lo mal que quedamos ante el mundo al dar nuestra verdadera cara, lo retrazados que estamos en infraestructura educativa y a veces, lo poco exigentes que somos, pero tambi\u00e9n lo conciente que es la sociedad pese a las deficientes pol\u00edticas p\u00fablicas y la cantidad de veces que somos nosotros, los ciudadanos los que tenemos que subsanar esas carencias y entrarle al quite, creo que eso es lo mejor, el gran resultado de todo esto que le ha pasado al pa\u00eds y al mundo&#8230;<\/p>\n<p>Seguimos en el camino&#8230; gracias&#8230;<\/p>\n","protected":false},"excerpt":{"rendered":"<p>Pocas veces me pongo a pensar en mi trabajo como una resp\u00f3nsabilidad m\u00e1s all\u00e1 de la meramente laboral, y es que inmerso como estamos en la ebullic\u00f3n de tanta informaci\u00f3n, en ocasiones, lamentable o afortunadamente, pocas veces recuerdo que mi trabajo es una grata oportunidad y una enorme responsabilidad de informar y dar un servicio &hellip; <a href=\"https:\/\/blografia.net\/ceidric\/2009\/05\/privilegio-u-obligacin\/\" class=\"more-link\">Seguir leyendo <span class=\"screen-reader-text\">Privilegio u obligaci\u00f3n&#8230;<\/span> <span class=\"meta-nav\">&rarr;<\/span><\/a><\/p>\n","protected":false},"author":1,"featured_media":0,"comment_status":"open","ping_status":"open","sticky":false,"template":"","format":"standard","meta":{"footnotes":""},"categories":[1],"tags":[],"class_list":["post-435","post","type-post","status-publish","format-standard","hentry","category-sin-categoria"],"_links":{"self":[{"href":"https:\/\/blografia.net\/ceidric\/wp-json\/wp\/v2\/posts\/435","targetHints":{"allow":["GET"]}}],"collection":[{"href":"https:\/\/blografia.net\/ceidric\/wp-json\/wp\/v2\/posts"}],"about":[{"href":"https:\/\/blografia.net\/ceidric\/wp-json\/wp\/v2\/types\/post"}],"author":[{"embeddable":true,"href":"https:\/\/blografia.net\/ceidric\/wp-json\/wp\/v2\/users\/1"}],"replies":[{"embeddable":true,"href":"https:\/\/blografia.net\/ceidric\/wp-json\/wp\/v2\/comments?post=435"}],"version-history":[{"count":0,"href":"https:\/\/blografia.net\/ceidric\/wp-json\/wp\/v2\/posts\/435\/revisions"}],"wp:attachment":[{"href":"https:\/\/blografia.net\/ceidric\/wp-json\/wp\/v2\/media?parent=435"}],"wp:term":[{"taxonomy":"category","embeddable":true,"href":"https:\/\/blografia.net\/ceidric\/wp-json\/wp\/v2\/categories?post=435"},{"taxonomy":"post_tag","embeddable":true,"href":"https:\/\/blografia.net\/ceidric\/wp-json\/wp\/v2\/tags?post=435"}],"curies":[{"name":"wp","href":"https:\/\/api.w.org\/{rel}","templated":true}]}}